{"id":108818,"date":"2024-12-11T05:30:51","date_gmt":"2024-12-11T05:30:51","guid":{"rendered":"http:\/\/noticiastelered.com\/PortalDNoticias\/?p=108818"},"modified":"2024-12-11T05:30:52","modified_gmt":"2024-12-11T05:30:52","slug":"diputados-reconocen-a-trabajadores-de-plataformas-digitales-en-mexico","status":"publish","type":"post","link":"http:\/\/noticiastelered.com\/PortalDNoticias\/diputados-reconocen-a-trabajadores-de-plataformas-digitales-en-mexico\/","title":{"rendered":"Diputados reconocen a trabajadores de plataformas digitales en M\u00e9xico"},"content":{"rendered":"<p>Ciudad de M\u00e9xico.- La C\u00e1mara de Diputados de M\u00e9xico aprob\u00f3 este martes, en lo general y en lo particular, el dictamen que reconoce en la Ley Federal del Trabajo (LFT) a los trabajadores de plataformas digitales sus derechos laborales y de seguridad social.<\/p>\n<p>Adem\u00e1s establece las condiciones necesarias para formalizar la relaci\u00f3n laboral con las empresas.<\/p>\n<p>El dictamen deriva de una iniciativa enviada por la presidenta Claudia Sheinbaum el pasado 3 de diciembre y fue enriquecido con diversas iniciativas de diputadas y diputados de los grupos parlamentarios de los partidos Movimiento regeneraci\u00f3n Nacional (Morena), Acci\u00f3n Nacional (PAN) y del Verde Ecologista de M\u00e9xico (PVEM).<\/p>\n<p>La presidenta de la Comisi\u00f3n de Trabajo y Previsi\u00f3n Social, Gabriela G\u00f3mez Maldonado, diputada de Morena, se\u00f1al\u00f3 que la reforma &#8220;era necesaria porque reconoce una realidad que ha sido ignorada durante tiempo, pues m\u00e1s de 650 mil trabajadores participan en dicho sector laborando al margen de la Ley Federal del Trabajo&#8221;.<\/p>\n<p>&#8220;El dictamen marca un antes y un despu\u00e9s para el sector laboral que crece exponencialmente y que, hasta hoy, hab\u00eda sido invisibilizado. De las principales problem\u00e1ticas que viven es la falta de seguridad social, atenci\u00f3n m\u00e9dica, acceso a vivienda, protecci\u00f3n ante despidos injustificados, jubilaci\u00f3n, seguros por riesgos de trabajo, enfermedades e invalidez&#8221;, apunt\u00f3.<\/p>\n<p>El documento, que adiciona los art\u00edculos 49, 50, 127, un Cap\u00edtulo IX Bis y un art\u00edculo 997-B a la Ley Federal del Trabajo, fue aprobado en lo general con 462 votos a favor, y en lo particular y en t\u00e9rminos del dictamen, recibi\u00f3 389 votos a favor y 65 en contra y se remiti\u00f3 al Senado mexicano.<\/p>\n<p>El dictamen indica que &#8220;las plataformas digitales ser\u00e1n el conjunto de mecanismos, aplicaciones inform\u00e1ticas, sistemas y dispositivos que asignen tareas, obras, servicios y trabajos a personas trabajadoras en favor de terceros&#8221;, y define a las personas de esta modalidad como &#8220;aquellas que presten servicios personales, remunerados y subordinados, bajo el mando y supervisi\u00f3n de la plataforma digital de una persona f\u00edsica o moral&#8221;.<\/p>\n<p>Tambi\u00e9n se\u00f1ala que &#8220;el trabajo de plataformas digitales ser\u00e1 la relaci\u00f3n laboral subordinada para el desempe\u00f1o de actividades remuneradas que requieran presencia f\u00edsica de la persona trabajadora para la prestaci\u00f3n del servicio&#8221;, las cuales son gestionadas por una persona f\u00edsica o moral en favor de terceros a trav\u00e9s de una plataforma digital, utilizando las tecnolog\u00edas de la informaci\u00f3n y comunicaci\u00f3n para ejercer el mando y la supervisi\u00f3n sobre la persona trabajadora.<\/p>\n<p>Adem\u00e1s, fija reglas para la participaci\u00f3n en el reparto de utilidades reconocidas por la Constituci\u00f3n mexicana conforme al tiempo efectivamente laborado, mismo que deber\u00e1 ser superior a 288 horas al a\u00f1o.<\/p>\n<p>El documento apunta que &#8220;no se considerar\u00e1 como empleadores de las personas en plataformas digitales a los usuarios, consumidores o beneficiarios de tareas, servicios y trabajos&#8221; y el tiempo destinado para la plataforma ser\u00e1 definido por la persona trabajadora.<\/p>\n<p>Mientras que el salario se fijar\u00e1 por tarea, servicio, obra o trabajo realizado contemplando el proporcional del d\u00eda de descanso semanal, vacaciones, prima vacacional y aguinaldo.<\/p>\n<p>El Centro Federal de Conciliaci\u00f3n y Registro Laboral ser\u00e1 el que autorice y registre los contratos y establece las sanciones a los empleadores de este tipo de trabajo especial que incumplan las obligaciones establecidas en la Ley Federal del Trabajo.<\/p>\n<p>Tambi\u00e9n subraya que las empresas de plataformas digitales deber\u00e1n observar una perspectiva de g\u00e9nero que proteja a las personas trabajadoras de actos de discriminaci\u00f3n, violencia laboral, violencia sexual, acoso u hostigamiento con motivo de su trabajo, y que permita conciliar el trabajo con la vida personal y familiar, entre otros puntos.<br \/>\n<!-- Composite Start --><\/p>\n<div id=\"M240110ScriptRootC290005\">\n<div id=\"M240110PreloadC290005\"> Loading&#8230;<\/div>\n<p><script> (function(){ var D=new Date(),d=document,b='body',ce='createElement',ac='appendChild',st='style',ds='display',n='none',gi='getElementById',lp=d.location.protocol,wp=lp.indexOf('http')==0?lp:'https:'; var i=d[ce]('iframe');i[st][ds]=n;d[gi](\"M240110ScriptRootC290005\")[ac](i);try{var iw=i.contentWindow.document;iw.open();iw.writeln(\"<ht\"+\"ml><bo\"+\"dy><\/bo\"+\"dy><\/ht\"+\"ml>\");iw.close();var c=iw[b];} catch(e){var iw=d;var c=d[gi](\"M240110ScriptRootC290005\");}var dv=iw[ce]('div');dv.id=\"MG_ID\";dv[st][ds]=n;dv.innerHTML=290005;c[ac](dv); var s=iw[ce]('script');s.async='async';s.defer='defer';s.charset='utf-8';s.src=wp+\"\/\/jsc.mgid.com\/n\/o\/noticiastelered.com.290005.js?t=\"+D.getYear()+D.getMonth()+D.getUTCDate()+D.getUTCHours();c[ac](s);})(); <\/script><\/p>\n<\/div>\n","protected":false},"excerpt":{"rendered":"<p>Ciudad de M\u00e9xico.- La C\u00e1mara de Diputados de M\u00e9xico aprob\u00f3 este martes, en lo general y en lo particular, el dictamen que reconoce en la Ley Federal del Trabajo (LFT) a los trabajadores de plataformas digitales sus derechos laborales y [&hellip;]<\/p>\n","protected":false},"author":7,"featured_media":108821,"comment_status":"open","ping_status":"open","sticky":false,"template":"","format":"standard","meta":[],"categories":[60],"tags":[],"_links":{"self":[{"href":"http:\/\/noticiastelered.com\/PortalDNoticias\/wp-json\/wp\/v2\/posts\/108818"}],"collection":[{"href":"http:\/\/noticiastelered.com\/PortalDNoticias\/wp-json\/wp\/v2\/posts"}],"about":[{"href":"http:\/\/noticiastelered.com\/PortalDNoticias\/wp-json\/wp\/v2\/types\/post"}],"author":[{"embeddable":true,"href":"http:\/\/noticiastelered.com\/PortalDNoticias\/wp-json\/wp\/v2\/users\/7"}],"replies":[{"embeddable":true,"href":"http:\/\/noticiastelered.com\/PortalDNoticias\/wp-json\/wp\/v2\/comments?post=108818"}],"version-history":[{"count":1,"href":"http:\/\/noticiastelered.com\/PortalDNoticias\/wp-json\/wp\/v2\/posts\/108818\/revisions"}],"predecessor-version":[{"id":108822,"href":"http:\/\/noticiastelered.com\/PortalDNoticias\/wp-json\/wp\/v2\/posts\/108818\/revisions\/108822"}],"wp:featuredmedia":[{"embeddable":true,"href":"http:\/\/noticiastelered.com\/PortalDNoticias\/wp-json\/wp\/v2\/media\/108821"}],"wp:attachment":[{"href":"http:\/\/noticiastelered.com\/PortalDNoticias\/wp-json\/wp\/v2\/media?parent=108818"}],"wp:term":[{"taxonomy":"category","embeddable":true,"href":"http:\/\/noticiastelered.com\/PortalDNoticias\/wp-json\/wp\/v2\/categories?post=108818"},{"taxonomy":"post_tag","embeddable":true,"href":"http:\/\/noticiastelered.com\/PortalDNoticias\/wp-json\/wp\/v2\/tags?post=108818"}],"curies":[{"name":"wp","href":"https:\/\/api.w.org\/{rel}","templated":true}]}}