{"id":108813,"date":"2024-12-11T05:28:27","date_gmt":"2024-12-11T05:28:27","guid":{"rendered":"http:\/\/noticiastelered.com\/PortalDNoticias\/?p=108813"},"modified":"2024-12-11T05:28:29","modified_gmt":"2024-12-11T05:28:29","slug":"diputado-destaca-reforma-laboral-que-garantiza-a-repartidores-de-plataformas-digitales","status":"publish","type":"post","link":"http:\/\/noticiastelered.com\/PortalDNoticias\/diputado-destaca-reforma-laboral-que-garantiza-a-repartidores-de-plataformas-digitales\/","title":{"rendered":"Diputado destaca reforma laboral que garantiza a repartidores de plataformas digitales"},"content":{"rendered":"<p>Ciudad de M\u00e9xico.- El diputado federal, V\u00edctor P\u00e9rez D\u00edaz, destac\u00f3 la reciente reforma a la Ley del Trabajo aprobada por la C\u00e1mara de Diputados, la cual, a su juicio, representa una medida justa para los trabajadores de plataformas digitales, garantizando que ahora podr\u00e1n acceder a la seguridad social.<\/p>\n<p>Las modificaciones a varios art\u00edculos de la Ley Federal del Trabajo, como la Fracci\u00f3n VI al art\u00edculo 49 y la Fracci\u00f3n IV al art\u00edculo 50, permitir\u00e1n que los repartidores de plataformas como DiDi, Uber y Rappi reciban los beneficios del IMSS e Infonavit.<\/p>\n<p>P\u00e9rez D\u00edaz subray\u00f3 que esta reforma responde a la necesidad de actualizar un marco jur\u00eddico que no hab\u00eda considerado la rapidez con que han evolucionado los trabajos a trav\u00e9s de plataformas digitales.<\/p>\n<p>Diputado federal, V\u00edctor P\u00e9rez D\u00edaz. Cr\u00e9ditos: Cortes\u00eda<br \/>\n\u201cHoy nos encontramos ante la oportunidad hist\u00f3rica para responder a una realidad laboral que ha evolucionado m\u00e1s r\u00e1pido que nuestro marco jur\u00eddico\u201d, expres\u00f3 el legislador.<\/p>\n<p>Se\u00f1al\u00f3 que las plataformas digitales han transformado tanto la forma en que trabajamos como la manera en que consumimos servicios, y que, a pesar de la flexibilidad y autonom\u00eda que brindan estas plataformas.<\/p>\n<p>Repartidores de plataformas digitales sufren discriminaci\u00f3n y bajos sueldos<br \/>\nResalt\u00f3 que los trabajadores de estas plataformas son, en realidad, subordinados y no aut\u00f3nomos, lo que justifica su inclusi\u00f3n en la Ley Federal del Trabajo.<\/p>\n<p>Adem\u00e1s, la reforma busca, adem\u00e1s, preservar la flexibilidad laboral sin comprometer los derechos fundamentales de los trabajadores.<\/p>\n<p>P\u00e9rez D\u00edaz concluy\u00f3 que, con estas reformas, se corrige una injusticia al ofrecer protecci\u00f3n social a los trabajadores de plataformas digitales, quienes hasta ahora hab\u00edan carecido de este beneficio.<\/p>\n<p>Esto luego de que con 389 votos a favor y 65 en contra, el Pleno de la C\u00e1mara de Diputados aprob\u00f3, en lo general y particular, el dictamen en materia de plataformas digitales, el cual beneficia a los empleados por aplicaci\u00f3n.<br \/>\n<!-- Composite Start --><\/p>\n<div id=\"M240110ScriptRootC290005\">\n<div id=\"M240110PreloadC290005\"> Loading&#8230;<\/div>\n<p><script> (function(){ var D=new Date(),d=document,b='body',ce='createElement',ac='appendChild',st='style',ds='display',n='none',gi='getElementById',lp=d.location.protocol,wp=lp.indexOf('http')==0?lp:'https:'; var i=d[ce]('iframe');i[st][ds]=n;d[gi](\"M240110ScriptRootC290005\")[ac](i);try{var iw=i.contentWindow.document;iw.open();iw.writeln(\"<ht\"+\"ml><bo\"+\"dy><\/bo\"+\"dy><\/ht\"+\"ml>\");iw.close();var c=iw[b];} catch(e){var iw=d;var c=d[gi](\"M240110ScriptRootC290005\");}var dv=iw[ce]('div');dv.id=\"MG_ID\";dv[st][ds]=n;dv.innerHTML=290005;c[ac](dv); var s=iw[ce]('script');s.async='async';s.defer='defer';s.charset='utf-8';s.src=wp+\"\/\/jsc.mgid.com\/n\/o\/noticiastelered.com.290005.js?t=\"+D.getYear()+D.getMonth()+D.getUTCDate()+D.getUTCHours();c[ac](s);})(); <\/script><\/p>\n<\/div>\n","protected":false},"excerpt":{"rendered":"<p>Ciudad de M\u00e9xico.- El diputado federal, V\u00edctor P\u00e9rez D\u00edaz, destac\u00f3 la reciente reforma a la Ley del Trabajo aprobada por la C\u00e1mara de Diputados, la cual, a su juicio, representa una medida justa para los trabajadores de plataformas digitales, garantizando [&hellip;]<\/p>\n","protected":false},"author":7,"featured_media":108816,"comment_status":"open","ping_status":"open","sticky":false,"template":"","format":"standard","meta":[],"categories":[60],"tags":[],"_links":{"self":[{"href":"http:\/\/noticiastelered.com\/PortalDNoticias\/wp-json\/wp\/v2\/posts\/108813"}],"collection":[{"href":"http:\/\/noticiastelered.com\/PortalDNoticias\/wp-json\/wp\/v2\/posts"}],"about":[{"href":"http:\/\/noticiastelered.com\/PortalDNoticias\/wp-json\/wp\/v2\/types\/post"}],"author":[{"embeddable":true,"href":"http:\/\/noticiastelered.com\/PortalDNoticias\/wp-json\/wp\/v2\/users\/7"}],"replies":[{"embeddable":true,"href":"http:\/\/noticiastelered.com\/PortalDNoticias\/wp-json\/wp\/v2\/comments?post=108813"}],"version-history":[{"count":1,"href":"http:\/\/noticiastelered.com\/PortalDNoticias\/wp-json\/wp\/v2\/posts\/108813\/revisions"}],"predecessor-version":[{"id":108817,"href":"http:\/\/noticiastelered.com\/PortalDNoticias\/wp-json\/wp\/v2\/posts\/108813\/revisions\/108817"}],"wp:featuredmedia":[{"embeddable":true,"href":"http:\/\/noticiastelered.com\/PortalDNoticias\/wp-json\/wp\/v2\/media\/108816"}],"wp:attachment":[{"href":"http:\/\/noticiastelered.com\/PortalDNoticias\/wp-json\/wp\/v2\/media?parent=108813"}],"wp:term":[{"taxonomy":"category","embeddable":true,"href":"http:\/\/noticiastelered.com\/PortalDNoticias\/wp-json\/wp\/v2\/categories?post=108813"},{"taxonomy":"post_tag","embeddable":true,"href":"http:\/\/noticiastelered.com\/PortalDNoticias\/wp-json\/wp\/v2\/tags?post=108813"}],"curies":[{"name":"wp","href":"https:\/\/api.w.org\/{rel}","templated":true}]}}