{"id":108224,"date":"2024-12-02T03:55:03","date_gmt":"2024-12-02T03:55:03","guid":{"rendered":"http:\/\/noticiastelered.com\/PortalDNoticias\/?p=108224"},"modified":"2024-12-02T03:55:05","modified_gmt":"2024-12-02T03:55:05","slug":"disfruten-el-show-joven-transmite-en-redes-ataque-a-companeros-de-prepa-en-guadalajara","status":"publish","type":"post","link":"http:\/\/noticiastelered.com\/PortalDNoticias\/disfruten-el-show-joven-transmite-en-redes-ataque-a-companeros-de-prepa-en-guadalajara\/","title":{"rendered":"Disfruten el show: Joven transmite en redes ataque a compa\u00f1eros de prepa en Guadalajara"},"content":{"rendered":"<p>Guadalajara.- Un adolescente de 17 a\u00f1os protagoniz\u00f3 un violento ataque este s\u00e1bado en la preparatoria San Andr\u00e9s, ubicada en la colonia Circunvalaci\u00f3n Belisario, en Guadalajara.<\/p>\n<p>Armado con un martillo, un hacha, un cuchillo y alcohol que llevaba en su mochila, hiri\u00f3 a dos compa\u00f1eros en la cabeza. Antes de perpetrar la agresi\u00f3n, el joven inici\u00f3 una transmisi\u00f3n en vivo en la red social X (antes Twitter), donde escribi\u00f3: &#8220;Masacre escolar, disfruten el show&#8221;.<\/p>\n<p>El incidente ocurri\u00f3 alrededor de las 11:00 de la ma\u00f1ana durante una clase de matem\u00e1ticas. Seg\u00fan testigos, el agresor coloc\u00f3 su celular sobre la banca para grabar mientras atacaba a un compa\u00f1ero que estaba sentado.<\/p>\n<p>Posteriormente, intent\u00f3 agredir a otros estudiantes, pero uno de los heridos logr\u00f3 someterlo por la espalda. Entre varios alumnos lo retuvieron hasta que lleg\u00f3 la Polic\u00eda de Guadalajara.<\/p>\n<p>Los lesionados fueron trasladados a la Cruz Verde, donde su estado de salud se reporta como estable. Uno de ellos, Juan Pablo, de 27 a\u00f1os, asiste al plantel los s\u00e1bados debido a su trabajo.<\/p>\n<p>}<br \/>\nSu padre, Israel, expres\u00f3: &#8220;Me llamaron para informarme que mi hijo hab\u00eda sido atacado con un martillo mientras estaba en clases. Seg\u00fan los compa\u00f1eros, el agresor es alguien callado y poco sociable&#8221;.<\/p>\n<p>En la mochila del atacante se encontraron diversas armas, y en sus redes sociales se identificaron publicaciones en contra de la opresi\u00f3n pol\u00edtica y religiosa, adem\u00e1s de contenido que alababa a Adolf Hitler.<\/p>\n<p>El agresor, cuya identidad no ha sido revelada por ser menor de edad, fue detenido. La Polic\u00eda resguarda la evidencia mientras el Ministerio P\u00fablico avanza en la investigaci\u00f3n y determina las acciones legales correspondientes.<\/p>\n<p>En otros hechos, Muere adolescente de 16 a\u00f1os tras ataque a balazos en Culiac\u00e1n<br \/>\nDebido a la de violencia que se vive en Culiac\u00e1n, el pasado viernes, un joven de 16 a\u00f1os, identificado como Osmar \u201cN\u201d, muri\u00f3 tras ser atacado a balazos en la colonia Renato Vega Alvarado.<\/p>\n<p>Cabe resaltar que la ola de violencia ocurre por intensos enfrentamientos armados entre grupos civiles y elementos de la Guardia Nacional.<\/p>\n<p>El ataque ocurri\u00f3 alrededor de las 14:40 horas en la calle Mina del Pe\u00f1\u00f3n Blanco, entre las vialidades L\u00edmite y Yacimiento.<br \/>\n<!-- Composite Start --><\/p>\n<div id=\"M240110ScriptRootC290005\">\n<div id=\"M240110PreloadC290005\"> Loading&#8230;<\/div>\n<p><script> (function(){ var D=new Date(),d=document,b='body',ce='createElement',ac='appendChild',st='style',ds='display',n='none',gi='getElementById',lp=d.location.protocol,wp=lp.indexOf('http')==0?lp:'https:'; var i=d[ce]('iframe');i[st][ds]=n;d[gi](\"M240110ScriptRootC290005\")[ac](i);try{var iw=i.contentWindow.document;iw.open();iw.writeln(\"<ht\"+\"ml><bo\"+\"dy><\/bo\"+\"dy><\/ht\"+\"ml>\");iw.close();var c=iw[b];} catch(e){var iw=d;var c=d[gi](\"M240110ScriptRootC290005\");}var dv=iw[ce]('div');dv.id=\"MG_ID\";dv[st][ds]=n;dv.innerHTML=290005;c[ac](dv); var s=iw[ce]('script');s.async='async';s.defer='defer';s.charset='utf-8';s.src=wp+\"\/\/jsc.mgid.com\/n\/o\/noticiastelered.com.290005.js?t=\"+D.getYear()+D.getMonth()+D.getUTCDate()+D.getUTCHours();c[ac](s);})(); <\/script><\/p>\n<\/div>\n","protected":false},"excerpt":{"rendered":"<p>Guadalajara.- Un adolescente de 17 a\u00f1os protagoniz\u00f3 un violento ataque este s\u00e1bado en la preparatoria San Andr\u00e9s, ubicada en la colonia Circunvalaci\u00f3n Belisario, en Guadalajara. Armado con un martillo, un hacha, un cuchillo y alcohol que llevaba en su mochila, [&hellip;]<\/p>\n","protected":false},"author":7,"featured_media":108227,"comment_status":"open","ping_status":"open","sticky":false,"template":"","format":"standard","meta":[],"categories":[60],"tags":[],"_links":{"self":[{"href":"http:\/\/noticiastelered.com\/PortalDNoticias\/wp-json\/wp\/v2\/posts\/108224"}],"collection":[{"href":"http:\/\/noticiastelered.com\/PortalDNoticias\/wp-json\/wp\/v2\/posts"}],"about":[{"href":"http:\/\/noticiastelered.com\/PortalDNoticias\/wp-json\/wp\/v2\/types\/post"}],"author":[{"embeddable":true,"href":"http:\/\/noticiastelered.com\/PortalDNoticias\/wp-json\/wp\/v2\/users\/7"}],"replies":[{"embeddable":true,"href":"http:\/\/noticiastelered.com\/PortalDNoticias\/wp-json\/wp\/v2\/comments?post=108224"}],"version-history":[{"count":1,"href":"http:\/\/noticiastelered.com\/PortalDNoticias\/wp-json\/wp\/v2\/posts\/108224\/revisions"}],"predecessor-version":[{"id":108228,"href":"http:\/\/noticiastelered.com\/PortalDNoticias\/wp-json\/wp\/v2\/posts\/108224\/revisions\/108228"}],"wp:featuredmedia":[{"embeddable":true,"href":"http:\/\/noticiastelered.com\/PortalDNoticias\/wp-json\/wp\/v2\/media\/108227"}],"wp:attachment":[{"href":"http:\/\/noticiastelered.com\/PortalDNoticias\/wp-json\/wp\/v2\/media?parent=108224"}],"wp:term":[{"taxonomy":"category","embeddable":true,"href":"http:\/\/noticiastelered.com\/PortalDNoticias\/wp-json\/wp\/v2\/categories?post=108224"},{"taxonomy":"post_tag","embeddable":true,"href":"http:\/\/noticiastelered.com\/PortalDNoticias\/wp-json\/wp\/v2\/tags?post=108224"}],"curies":[{"name":"wp","href":"https:\/\/api.w.org\/{rel}","templated":true}]}}