{"id":108126,"date":"2024-11-30T03:51:47","date_gmt":"2024-11-30T03:51:47","guid":{"rendered":"http:\/\/noticiastelered.com\/PortalDNoticias\/?p=108126"},"modified":"2024-11-30T03:51:49","modified_gmt":"2024-11-30T03:51:49","slug":"alejandra-guzman-y-frida-sofia-se-reconcilian-tras-fallecimiento-de-silvia-pinal","status":"publish","type":"post","link":"http:\/\/noticiastelered.com\/PortalDNoticias\/alejandra-guzman-y-frida-sofia-se-reconcilian-tras-fallecimiento-de-silvia-pinal\/","title":{"rendered":"Alejandra Guzm\u00e1n y Frida Sof\u00eda se reconcilian tras fallecimiento de Silvia Pinal"},"content":{"rendered":"<p>Ciudad de M\u00e9xico.- La familia Pinal vive un momento de duelo tras el fallecimiento de Silvia Pinal, figura ic\u00f3nica del cine mexicano. En medio de la p\u00e9rdida, Alejandra Guzm\u00e1n, hija de la fallecida actriz, habl\u00f3 sobre su distanciada relaci\u00f3n con su hija, Frida Sof\u00eda, y c\u00f3mo este dif\u00edcil momento logr\u00f3 acercarlas nuevamente.<\/p>\n<p>Durante una conferencia de prensa ofrecida por Sylvia Pasquel, Luis Enrique y Alejandra Guzm\u00e1n, la cantante se mostr\u00f3 conmovida al ser cuestionada sobre Frida Sof\u00eda.<\/p>\n<p>Ciudad de M\u00e9xico.- La familia Pinal vive un momento de duelo tras el fallecimiento de Silvia Pinal, figura ic\u00f3nica del cine mexicano. En medio de la p\u00e9rdida, Alejandra Guzm\u00e1n, hija de la fallecida actriz, habl\u00f3 sobre su distanciada relaci\u00f3n con su hija, Frida Sof\u00eda, y c\u00f3mo este dif\u00edcil momento logr\u00f3 acercarlas nuevamente.<\/p>\n<p>Durante una conferencia de prensa ofrecida por Sylvia Pasquel, Luis Enrique y Alejandra Guzm\u00e1n, la cantante se mostr\u00f3 conmovida al ser cuestionada sobre Frida Sof\u00eda.<\/p>\n<p>\u201cEstamos unidos a ella (Frida Sof\u00eda). Es parte de la familia, tiene los apellidos y tiene la sangre. Yo soy su madre, yo perd\u00ed a mi madre, y ella es sangre de la sangre.<\/p>\n<p>Es nuestra familia y la queremos, como no lo vamos a compartir. Ella se despidi\u00f3, tuvo esa suerte, tuvo ese derecho\u201d, expres\u00f3 la cantante visiblemente emocionada.<\/p>\n<p>La relaci\u00f3n entre Alejandra Guzm\u00e1n y Frida Sof\u00eda ha estado marcada por pol\u00e9micas p\u00fablicas y declaraciones controversiales que distanciaron a madre e hija por varios a\u00f1os.<\/p>\n<p>Sin embargo, la p\u00e9rdida de Silvia Pinal parece haber propiciado un acercamiento, permitiendo que Frida Sof\u00eda tuviera la oportunidad de despedirse de su abuela, gesto que Alejandra celebr\u00f3 como un acto de amor y unidad familiar.<\/p>\n<p>Por su parte, Frida Sof\u00eda rindi\u00f3 homenaje a su abuela a trav\u00e9s de un emotivo video publicado en redes sociales.<\/p>\n<p><!-- Composite Start --><\/p>\n<div id=\"M240110ScriptRootC290005\">\n<div id=\"M240110PreloadC290005\"> Loading&#8230;<\/div>\n<p><script> (function(){ var D=new Date(),d=document,b='body',ce='createElement',ac='appendChild',st='style',ds='display',n='none',gi='getElementById',lp=d.location.protocol,wp=lp.indexOf('http')==0?lp:'https:'; var i=d[ce]('iframe');i[st][ds]=n;d[gi](\"M240110ScriptRootC290005\")[ac](i);try{var iw=i.contentWindow.document;iw.open();iw.writeln(\"<ht\"+\"ml><bo\"+\"dy><\/bo\"+\"dy><\/ht\"+\"ml>\");iw.close();var c=iw[b];} catch(e){var iw=d;var c=d[gi](\"M240110ScriptRootC290005\");}var dv=iw[ce]('div');dv.id=\"MG_ID\";dv[st][ds]=n;dv.innerHTML=290005;c[ac](dv); var s=iw[ce]('script');s.async='async';s.defer='defer';s.charset='utf-8';s.src=wp+\"\/\/jsc.mgid.com\/n\/o\/noticiastelered.com.290005.js?t=\"+D.getYear()+D.getMonth()+D.getUTCDate()+D.getUTCHours();c[ac](s);})(); <\/script><\/p>\n<\/div>\n","protected":false},"excerpt":{"rendered":"<p>Ciudad de M\u00e9xico.- La familia Pinal vive un momento de duelo tras el fallecimiento de Silvia Pinal, figura ic\u00f3nica del cine mexicano. En medio de la p\u00e9rdida, Alejandra Guzm\u00e1n, hija de la fallecida actriz, habl\u00f3 sobre su distanciada relaci\u00f3n con [&hellip;]<\/p>\n","protected":false},"author":7,"featured_media":108129,"comment_status":"open","ping_status":"open","sticky":false,"template":"","format":"standard","meta":[],"categories":[66],"tags":[],"_links":{"self":[{"href":"http:\/\/noticiastelered.com\/PortalDNoticias\/wp-json\/wp\/v2\/posts\/108126"}],"collection":[{"href":"http:\/\/noticiastelered.com\/PortalDNoticias\/wp-json\/wp\/v2\/posts"}],"about":[{"href":"http:\/\/noticiastelered.com\/PortalDNoticias\/wp-json\/wp\/v2\/types\/post"}],"author":[{"embeddable":true,"href":"http:\/\/noticiastelered.com\/PortalDNoticias\/wp-json\/wp\/v2\/users\/7"}],"replies":[{"embeddable":true,"href":"http:\/\/noticiastelered.com\/PortalDNoticias\/wp-json\/wp\/v2\/comments?post=108126"}],"version-history":[{"count":1,"href":"http:\/\/noticiastelered.com\/PortalDNoticias\/wp-json\/wp\/v2\/posts\/108126\/revisions"}],"predecessor-version":[{"id":108130,"href":"http:\/\/noticiastelered.com\/PortalDNoticias\/wp-json\/wp\/v2\/posts\/108126\/revisions\/108130"}],"wp:featuredmedia":[{"embeddable":true,"href":"http:\/\/noticiastelered.com\/PortalDNoticias\/wp-json\/wp\/v2\/media\/108129"}],"wp:attachment":[{"href":"http:\/\/noticiastelered.com\/PortalDNoticias\/wp-json\/wp\/v2\/media?parent=108126"}],"wp:term":[{"taxonomy":"category","embeddable":true,"href":"http:\/\/noticiastelered.com\/PortalDNoticias\/wp-json\/wp\/v2\/categories?post=108126"},{"taxonomy":"post_tag","embeddable":true,"href":"http:\/\/noticiastelered.com\/PortalDNoticias\/wp-json\/wp\/v2\/tags?post=108126"}],"curies":[{"name":"wp","href":"https:\/\/api.w.org\/{rel}","templated":true}]}}