{"id":106699,"date":"2024-11-08T04:51:53","date_gmt":"2024-11-08T04:51:53","guid":{"rendered":"http:\/\/noticiastelered.com\/PortalDNoticias\/?p=106699"},"modified":"2024-11-08T04:51:55","modified_gmt":"2024-11-08T04:51:55","slug":"se-une-rosalia-a-voluntarios-en-valencia","status":"publish","type":"post","link":"http:\/\/noticiastelered.com\/PortalDNoticias\/se-une-rosalia-a-voluntarios-en-valencia\/","title":{"rendered":"Se une Rosal\u00eda a voluntarios en Valencia"},"content":{"rendered":"<p>Como una ciudadana preocupada por la situaci\u00f3n que enfrenta Valencia por la cat\u00e1strofe ocasionada por la Dana, Rosal\u00eda se uni\u00f3 a los centenares de voluntarios que est\u00e1n en la zona del desastre.<\/p>\n<p>Despu\u00e9s de la tragedia, la cantante utiliz\u00f3 sus redes para pedir ayuda para sus connacionales.<\/p>\n<p>Vestida de negro, con botas y cabello recogido, la espa\u00f1ola fue captada trabajando entre el barro dejando su estatus de celebridad y figura internacional con el fin de que la ayuda llegue a los lugares donde se necesita.<\/p>\n<p>Junto al chef Jos\u00e9 Andr\u00e9s, la int\u00e9rprete descarg\u00f3 camiones con alimentos y materiales requeridos para la limpieza en uno de los almacenes de Paiporta, la zona cero del desastre, donde est\u00e1n los voluntarios de la organizaci\u00f3n World Central Kitchen, la cual fue creada por el cocinero.<\/p>\n<p>Rosal\u00eda no ha compartido ninguna imagen de su labor humanitaria en redes, pero cuando arrib\u00f3 con el chef a la localidad Llocnou de la Corona, una de las \u00e1reas a donde m\u00e1s ha tardado en llegar el apoyo, muchos de los residentes se acercaron a ella para agradecerle su solidad y de paso tomarse fotos y son estas las que han inundado X e Instagram y revelado la presencia de Rosal\u00eda Valencia.<\/p>\n<p>Otras de las actividades que ha realizado la artista es repartir comida a las v\u00edctimas de la Dana que lo perdieron todo con las inundaciones.<\/p>\n<p>El 29 de octubre, Valencia sufri\u00f3 la mayor cat\u00e1strofe natural en su historia, que dej\u00f3 calles sumergidas en barro, muchos edificios destruidos y un saldo de m\u00e1s de 200 personas muertas y casi 100 desaparecidas.<\/p>\n","protected":false},"excerpt":{"rendered":"<p>Como una ciudadana preocupada por la situaci\u00f3n que enfrenta Valencia por la cat\u00e1strofe ocasionada por la Dana, Rosal\u00eda se uni\u00f3 a los centenares de voluntarios que est\u00e1n en la zona del desastre. Despu\u00e9s de la tragedia, la cantante utiliz\u00f3 sus [&hellip;]<\/p>\n","protected":false},"author":7,"featured_media":106702,"comment_status":"open","ping_status":"open","sticky":false,"template":"","format":"standard","meta":[],"categories":[66],"tags":[],"_links":{"self":[{"href":"http:\/\/noticiastelered.com\/PortalDNoticias\/wp-json\/wp\/v2\/posts\/106699"}],"collection":[{"href":"http:\/\/noticiastelered.com\/PortalDNoticias\/wp-json\/wp\/v2\/posts"}],"about":[{"href":"http:\/\/noticiastelered.com\/PortalDNoticias\/wp-json\/wp\/v2\/types\/post"}],"author":[{"embeddable":true,"href":"http:\/\/noticiastelered.com\/PortalDNoticias\/wp-json\/wp\/v2\/users\/7"}],"replies":[{"embeddable":true,"href":"http:\/\/noticiastelered.com\/PortalDNoticias\/wp-json\/wp\/v2\/comments?post=106699"}],"version-history":[{"count":1,"href":"http:\/\/noticiastelered.com\/PortalDNoticias\/wp-json\/wp\/v2\/posts\/106699\/revisions"}],"predecessor-version":[{"id":106703,"href":"http:\/\/noticiastelered.com\/PortalDNoticias\/wp-json\/wp\/v2\/posts\/106699\/revisions\/106703"}],"wp:featuredmedia":[{"embeddable":true,"href":"http:\/\/noticiastelered.com\/PortalDNoticias\/wp-json\/wp\/v2\/media\/106702"}],"wp:attachment":[{"href":"http:\/\/noticiastelered.com\/PortalDNoticias\/wp-json\/wp\/v2\/media?parent=106699"}],"wp:term":[{"taxonomy":"category","embeddable":true,"href":"http:\/\/noticiastelered.com\/PortalDNoticias\/wp-json\/wp\/v2\/categories?post=106699"},{"taxonomy":"post_tag","embeddable":true,"href":"http:\/\/noticiastelered.com\/PortalDNoticias\/wp-json\/wp\/v2\/tags?post=106699"}],"curies":[{"name":"wp","href":"https:\/\/api.w.org\/{rel}","templated":true}]}}