{"id":106689,"date":"2024-11-08T04:46:31","date_gmt":"2024-11-08T04:46:31","guid":{"rendered":"http:\/\/noticiastelered.com\/PortalDNoticias\/?p=106689"},"modified":"2024-11-08T04:46:32","modified_gmt":"2024-11-08T04:46:32","slug":"australia-busca-prohibir-el-acceso-a-las-redes-sociales-a-menores-de-16-anos","status":"publish","type":"post","link":"http:\/\/noticiastelered.com\/PortalDNoticias\/australia-busca-prohibir-el-acceso-a-las-redes-sociales-a-menores-de-16-anos\/","title":{"rendered":"Australia busca prohibir el acceso a las redes sociales a menores de 16 a\u00f1os"},"content":{"rendered":"<p>Australia.- El Gobierno de Australia anunci\u00f3 este jueves que busca limitar el acceso a las redes sociales a los menores de 16 a\u00f1os con una propuesta legislativa para mitigar los problemas de salud mental de los ni\u00f1os y adolescentes.<\/p>\n<p>El primer ministro de Australia, Anthony Albanese, que ya hab\u00eda anunciado en septiembre pasado su intenci\u00f3n de limitar el acceso de los menores a las redes sociales y otras plataformas digitales, desvel\u00f3 hoy que la edad m\u00ednima ser\u00e1 de 16 a\u00f1os.<\/p>\n<p>&#8220;Ahora, la edad propuesta por el Gobierno es de 16 a\u00f1os; esa decisi\u00f3n se tom\u00f3 el lunes en el Consejo de Ministros&#8221;, anunci\u00f3 hoy Albanese en una rueda de prensa en Camberra, y apunt\u00f3 que una vez que se apruebe su propuesta, los padres podr\u00e1n decirles a sus hijos: &#8220;lo siento colega, (eso) va contra la ley.<\/p>\n<p>&#8220;Las redes sociales est\u00e1n perjudicando a nuestros hijos y voy a ponerle fin&#8221;, enfatiz\u00f3 Albanese, al justificar su propuesta con otras medidas legales como las leyes que proh\u00edben a los menores de 18 a\u00f1os comprar bebidas alcoh\u00f3licas.<\/p>\n<p>El proyecto de ley, que podr\u00eda llegar al Parlamento en las pr\u00f3ximas semanas y entrar\u00eda en vigor doce meses despu\u00e9s de ser aprobado, no excluir\u00e1 a los menores de 16 a\u00f1os que ya tienen cuentas en las redes sociales ni a los que cuentan con el consentimiento de los padres.<\/p>\n<p>El mandatario aclar\u00f3 que no se impondr\u00e1n sanciones para los usuarios ni para los padres y que ser\u00e1n las propietarias de redes sociales las que tendr\u00e1n la responsabilidad de hacer cumplir el l\u00edmite de edad.<\/p>\n<p>En este sentido, la Comisi\u00f3n Australiana de Seguridad Electr\u00f3nica se encargar\u00e1 de publicar normativas para que las plataformas digitales y redes sociales establezcan &#8220;medidas razonables&#8221; para restringir el acceso a los menores.<\/p>\n<p>&#8220;Lo que estamos anunciando y lo que legislaremos ser\u00e1 realmente l\u00edder en el mundo. El bienestar de los ni\u00f1os es una responsabilidad colectiva&#8221;, dijo por su parte la ministra de Comunicaci\u00f3n, Michelle Rowland, en la misma rueda de prensa.<\/p>\n<p>Ser\u00e1n las plataformas las que tengan que demostrar que &#8220;est\u00e1n tomando medidas para prevenir el acceso&#8221; de los menores de 16 a\u00f1os, a\u00f1adi\u00f3 Rowland. Se desconoce si se podr\u00edan utilizar m\u00e9todos de verificaci\u00f3n biom\u00e9tricos, que ser\u00edan m\u00e1s pol\u00e9micos, entre otros.<br \/>\n<!-- Composite Start --><\/p>\n<div id=\"M240110ScriptRootC290005\">\n<div id=\"M240110PreloadC290005\"> Loading&#8230;<\/div>\n<p><script> (function(){ var D=new Date(),d=document,b='body',ce='createElement',ac='appendChild',st='style',ds='display',n='none',gi='getElementById',lp=d.location.protocol,wp=lp.indexOf('http')==0?lp:'https:'; var i=d[ce]('iframe');i[st][ds]=n;d[gi](\"M240110ScriptRootC290005\")[ac](i);try{var iw=i.contentWindow.document;iw.open();iw.writeln(\"<ht\"+\"ml><bo\"+\"dy><\/bo\"+\"dy><\/ht\"+\"ml>\");iw.close();var c=iw[b];} catch(e){var iw=d;var c=d[gi](\"M240110ScriptRootC290005\");}var dv=iw[ce]('div');dv.id=\"MG_ID\";dv[st][ds]=n;dv.innerHTML=290005;c[ac](dv); var s=iw[ce]('script');s.async='async';s.defer='defer';s.charset='utf-8';s.src=wp+\"\/\/jsc.mgid.com\/n\/o\/noticiastelered.com.290005.js?t=\"+D.getYear()+D.getMonth()+D.getUTCDate()+D.getUTCHours();c[ac](s);})(); <\/script><\/p>\n<\/div>\n","protected":false},"excerpt":{"rendered":"<p>Australia.- El Gobierno de Australia anunci\u00f3 este jueves que busca limitar el acceso a las redes sociales a los menores de 16 a\u00f1os con una propuesta legislativa para mitigar los problemas de salud mental de los ni\u00f1os y adolescentes. El [&hellip;]<\/p>\n","protected":false},"author":7,"featured_media":106692,"comment_status":"open","ping_status":"open","sticky":false,"template":"","format":"standard","meta":[],"categories":[61],"tags":[],"_links":{"self":[{"href":"http:\/\/noticiastelered.com\/PortalDNoticias\/wp-json\/wp\/v2\/posts\/106689"}],"collection":[{"href":"http:\/\/noticiastelered.com\/PortalDNoticias\/wp-json\/wp\/v2\/posts"}],"about":[{"href":"http:\/\/noticiastelered.com\/PortalDNoticias\/wp-json\/wp\/v2\/types\/post"}],"author":[{"embeddable":true,"href":"http:\/\/noticiastelered.com\/PortalDNoticias\/wp-json\/wp\/v2\/users\/7"}],"replies":[{"embeddable":true,"href":"http:\/\/noticiastelered.com\/PortalDNoticias\/wp-json\/wp\/v2\/comments?post=106689"}],"version-history":[{"count":1,"href":"http:\/\/noticiastelered.com\/PortalDNoticias\/wp-json\/wp\/v2\/posts\/106689\/revisions"}],"predecessor-version":[{"id":106693,"href":"http:\/\/noticiastelered.com\/PortalDNoticias\/wp-json\/wp\/v2\/posts\/106689\/revisions\/106693"}],"wp:featuredmedia":[{"embeddable":true,"href":"http:\/\/noticiastelered.com\/PortalDNoticias\/wp-json\/wp\/v2\/media\/106692"}],"wp:attachment":[{"href":"http:\/\/noticiastelered.com\/PortalDNoticias\/wp-json\/wp\/v2\/media?parent=106689"}],"wp:term":[{"taxonomy":"category","embeddable":true,"href":"http:\/\/noticiastelered.com\/PortalDNoticias\/wp-json\/wp\/v2\/categories?post=106689"},{"taxonomy":"post_tag","embeddable":true,"href":"http:\/\/noticiastelered.com\/PortalDNoticias\/wp-json\/wp\/v2\/tags?post=106689"}],"curies":[{"name":"wp","href":"https:\/\/api.w.org\/{rel}","templated":true}]}}