{"id":106684,"date":"2024-11-08T04:41:31","date_gmt":"2024-11-08T04:41:31","guid":{"rendered":"http:\/\/noticiastelered.com\/PortalDNoticias\/?p=106684"},"modified":"2024-11-08T04:41:33","modified_gmt":"2024-11-08T04:41:33","slug":"busca-tamaulipas-aprovechar-apoyo-de-spacex-y-construir-observatorio-espacial","status":"publish","type":"post","link":"http:\/\/noticiastelered.com\/PortalDNoticias\/busca-tamaulipas-aprovechar-apoyo-de-spacex-y-construir-observatorio-espacial\/","title":{"rendered":"Busca Tamaulipas aprovechar apoyo de SpaceX y construir observatorio espacial"},"content":{"rendered":"<p>Montemorelos. &#8211; En un evento realizado en Matamoros, el gobernador de Tamaulipas, Am\u00e9rico Villarreal Anaya, destac\u00f3 las grandes oportunidades de desarrollo que se presentan para esta regi\u00f3n, particularmente en el \u00e1mbito del turismo espacial, el fortalecimiento del puerto local y la gesti\u00f3n de la migraci\u00f3n en la frontera.<\/p>\n<p>&#8220;Los matamorenses est\u00e1n en una situaci\u00f3n privilegiada, esta regi\u00f3n tiene grandes oportunidades para crecer, especialmente con el desarrollo de actividades espaciales&#8221;, asegur\u00f3 el mandatario estatal.<\/p>\n<p>Destac\u00f3 que la instalaci\u00f3n de SpaceX en Matamoros no fue una decisi\u00f3n fortuita, sino respaldada por estudios cient\u00edficos que posicionan a la zona como uno de los mejores lugares para realizar lanzamientos espaciales.<\/p>\n<p>El gobernador hizo \u00e9nfasis en los beneficios que este proyecto traer\u00e1 no solo en t\u00e9rminos de desarrollo econ\u00f3mico, sino tambi\u00e9n en la creaci\u00f3n de empleos de alta calidad a trav\u00e9s de programas de educaci\u00f3n dual que formar\u00e1n a recursos humanos altamente capacitados.<\/p>\n<p>En cuanto al desarrollo portuario, Villarreal Anaya inform\u00f3 que el puerto de Matamoros est\u00e1 avanzando de manera significativa, en este momento, se encuentran en proceso de dragado del canal principal, lo que incrementar\u00e1 su profundidad de 8 a 12 metros, permitiendo el acceso a embarcaciones de mayor calado.<\/p>\n<p>El mandatario a\u00f1adi\u00f3 que la modernizaci\u00f3n del puerto abrir\u00e1 nuevas oportunidades para el cabotaje y la movilizaci\u00f3n de carga, lo que no solo fortalecer\u00e1 la infraestructura local, sino que atraer\u00e1 a empresas de talla mundial, consolidando a Matamoros como un punto clave en el comercio y la energ\u00eda.<\/p>\n<p>Villarreal tambi\u00e9n abord\u00f3 el tema del turismo aeroespacial, destacando los planes para crear un parque tem\u00e1tico y un observatorio en la regi\u00f3n.<\/p>\n<p>&#8220;Vamos a aprovechar las bellezas naturales de nuestra ciudad, nuestras playas, y trabajar en conjunto con los empresarios locales para generar un desarrollo tur\u00edstico integral&#8221;, se\u00f1al\u00f3.<br \/>\n<!-- Composite Start --><\/p>\n<div id=\"M240110ScriptRootC290005\">\n<div id=\"M240110PreloadC290005\"> Loading&#8230;<\/div>\n<p><script> (function(){ var D=new Date(),d=document,b='body',ce='createElement',ac='appendChild',st='style',ds='display',n='none',gi='getElementById',lp=d.location.protocol,wp=lp.indexOf('http')==0?lp:'https:'; var i=d[ce]('iframe');i[st][ds]=n;d[gi](\"M240110ScriptRootC290005\")[ac](i);try{var iw=i.contentWindow.document;iw.open();iw.writeln(\"<ht\"+\"ml><bo\"+\"dy><\/bo\"+\"dy><\/ht\"+\"ml>\");iw.close();var c=iw[b];} catch(e){var iw=d;var c=d[gi](\"M240110ScriptRootC290005\");}var dv=iw[ce]('div');dv.id=\"MG_ID\";dv[st][ds]=n;dv.innerHTML=290005;c[ac](dv); var s=iw[ce]('script');s.async='async';s.defer='defer';s.charset='utf-8';s.src=wp+\"\/\/jsc.mgid.com\/n\/o\/noticiastelered.com.290005.js?t=\"+D.getYear()+D.getMonth()+D.getUTCDate()+D.getUTCHours();c[ac](s);})(); <\/script><\/p>\n<\/div>\n","protected":false},"excerpt":{"rendered":"<p>Montemorelos. &#8211; En un evento realizado en Matamoros, el gobernador de Tamaulipas, Am\u00e9rico Villarreal Anaya, destac\u00f3 las grandes oportunidades de desarrollo que se presentan para esta regi\u00f3n, particularmente en el \u00e1mbito del turismo espacial, el fortalecimiento del puerto local y [&hellip;]<\/p>\n","protected":false},"author":7,"featured_media":106687,"comment_status":"open","ping_status":"open","sticky":false,"template":"","format":"standard","meta":[],"categories":[59],"tags":[],"_links":{"self":[{"href":"http:\/\/noticiastelered.com\/PortalDNoticias\/wp-json\/wp\/v2\/posts\/106684"}],"collection":[{"href":"http:\/\/noticiastelered.com\/PortalDNoticias\/wp-json\/wp\/v2\/posts"}],"about":[{"href":"http:\/\/noticiastelered.com\/PortalDNoticias\/wp-json\/wp\/v2\/types\/post"}],"author":[{"embeddable":true,"href":"http:\/\/noticiastelered.com\/PortalDNoticias\/wp-json\/wp\/v2\/users\/7"}],"replies":[{"embeddable":true,"href":"http:\/\/noticiastelered.com\/PortalDNoticias\/wp-json\/wp\/v2\/comments?post=106684"}],"version-history":[{"count":1,"href":"http:\/\/noticiastelered.com\/PortalDNoticias\/wp-json\/wp\/v2\/posts\/106684\/revisions"}],"predecessor-version":[{"id":106688,"href":"http:\/\/noticiastelered.com\/PortalDNoticias\/wp-json\/wp\/v2\/posts\/106684\/revisions\/106688"}],"wp:featuredmedia":[{"embeddable":true,"href":"http:\/\/noticiastelered.com\/PortalDNoticias\/wp-json\/wp\/v2\/media\/106687"}],"wp:attachment":[{"href":"http:\/\/noticiastelered.com\/PortalDNoticias\/wp-json\/wp\/v2\/media?parent=106684"}],"wp:term":[{"taxonomy":"category","embeddable":true,"href":"http:\/\/noticiastelered.com\/PortalDNoticias\/wp-json\/wp\/v2\/categories?post=106684"},{"taxonomy":"post_tag","embeddable":true,"href":"http:\/\/noticiastelered.com\/PortalDNoticias\/wp-json\/wp\/v2\/tags?post=106684"}],"curies":[{"name":"wp","href":"https:\/\/api.w.org\/{rel}","templated":true}]}}