{"id":106104,"date":"2024-10-30T04:08:47","date_gmt":"2024-10-30T04:08:47","guid":{"rendered":"http:\/\/noticiastelered.com\/PortalDNoticias\/?p=106104"},"modified":"2024-10-30T04:08:48","modified_gmt":"2024-10-30T04:08:48","slug":"menor-sobrevive-a-abuso-seal-y-fiscalia-la-acusa-de-homicidio-tras-sufrir-un-aborto","status":"publish","type":"post","link":"http:\/\/noticiastelered.com\/PortalDNoticias\/menor-sobrevive-a-abuso-seal-y-fiscalia-la-acusa-de-homicidio-tras-sufrir-un-aborto\/","title":{"rendered":"Menor sobrevive a abuso se**al y fiscal\u00eda la acusa de homicidio tras sufrir un aborto"},"content":{"rendered":"<p>Ciudad de M\u00e9xico.- El caso de una adolescente originaria de Quer\u00e9taro, sobreviviente de abuso sexual cimbr\u00f3 a la comunidad de ese estado, cuando de v\u00edctima pas\u00f3 a ser culpable ante los ojos de las autoridades.<\/p>\n<p>En d\u00edas recientes, este caso ha captado la atenci\u00f3n de medios de comunicaci\u00f3n a nivel nacional, e incluso, tambi\u00e9n ha sido abordado por la presidenta Claudia Sheinbaum en una de sus conferencias matutinas, pero qu\u00e9 se sabe de este caso.<\/p>\n<p>La historia se remonta a 2023 cuando la menor fue v\u00edctima de abuso sexual por parte de un familiar, hecho que desencaden\u00f3 que la adolescente quedara embarazada. De acuerdo a los primeros informes, la menor sufri\u00f3 un aborto espont\u00e1neo; sin embargo, la Fiscal\u00eda de Quer\u00e9taro no lo investig\u00f3 de esa forma.<\/p>\n<p>Tras sufrir el aborto, la menor fue atendida en un hospital, el cual dio aviso a la Fiscal\u00eda General del Estado en Quer\u00e9taro, organismo que inici\u00f3 una carpeta de investigaci\u00f3n en contra de la menor por el delito de homicidio, \u00bfPor qu\u00e9?<\/p>\n<p>De acuerdo con V\u00edctor Antonio de Jes\u00fas Hern\u00e1ndez, titular de la Fiscal\u00eda de Quer\u00e9taro, la carpeta se inici\u00f3 por este delito debido a que el producto \u201cnaci\u00f3, respir\u00f3, fue producto de una gestaci\u00f3n de m\u00e1s de 36 semanas\u201d.<\/p>\n<p>Te podr\u00eda interesar<br \/>\nInterna denuncia ser v\u00edctima de abuso sexual en penal de Tepepan, CDMX<br \/>\nInterna denuncia ser v\u00edctima de abuso sexual en penal de Tepepan, CDMX<br \/>\nDetienen a joven por presunto abuso sexual en Monterrey<br \/>\nDetienen a joven por presunto abuso sexual en Monterrey<br \/>\nAdem\u00e1s de ello, al haber un cad\u00e1ver, la Fiscal\u00eda investig\u00f3 y determino que la causa de fallecimiento fue por estrangulamiento.<\/p>\n<p>\u00bfQu\u00e9 dice la defensa de la adolescente?<br \/>\nLa defensa de la menor a cargo de Mayra D\u00e1vila, quien tambi\u00e9n es fundadora y representante de Adax Digitales AC, asociaci\u00f3n civil que busca generar espacios libres de violencia en el estado de Quer\u00e9taro, asegur\u00f3 que desde el inicio hubo un peritaje mal ejecutado que desemboc\u00f3 en que fue la menor quien asesin\u00f3 al producto de la gestaci\u00f3n.<\/p>\n<p>Pero tambi\u00e9n dijo, en entrevista con Milenio Televisi\u00f3n, que hab\u00eda \u201cun peritaje que muestra que la causa de la muerte del producto de la gestaci\u00f3n fue v\u00eda uterina y presenta incluso el producto de la gestaci\u00f3n todos los elementos de una muerte prematura; era algo que ya estaba muerto\u201d.<\/p>\n<p>Piden que la menor pase 3 a\u00f1os en prisi\u00f3n y reparaci\u00f3n de 518 mil pesos<br \/>\nAutoridades de Quer\u00e9taro establecieron que la menor debe cumplir una sentencia de tres a\u00f1os de prisi\u00f3n y adem\u00e1s de pagar 518 mil pesos para su propio agresor sexual quien es el padre del producto.<\/p>\n<p>Ante esto, Claudia Sheinbaum se pronunci\u00f3 en una de sus conferencias matutinas y se dijo estar en contra de la criminalizaci\u00f3n de la adolescente.<\/p>\n<p>\u201cNo estamos de acuerdo y estamos en contacto con la familia para poder apoyar, tanto legalmente como en lo que se requiera. Es el apoyo, yo creo que no se debe criminalizar y menos a una ni\u00f1a de 14 a\u00f1os\u201d, dijo.<\/p>\n<p>Citlalli Hern\u00e1ndez, titular de la Secretar\u00eda de Mujeres, tambi\u00e9n se pronunci\u00f3 ante la situaci\u00f3n y dijo estar en comunicaci\u00f3n con el fiscal de Quer\u00e9taro y con el gobernador para salvaguardar los derechos de la menor.<\/p>\n<p>Fiscal\u00eda de Quer\u00e9taro buscar\u00e1 soluci\u00f3n alterna al caso<br \/>\nV\u00edctor Antonio de Jes\u00fas Hern\u00e1ndez, fiscal de Quer\u00e9taro, dijo que tras reunirse con Citlalli Hern\u00e1ndez se buscar\u00e1 \u201cuna salida alterna\u201d al caso de la adolescente.<\/p>\n<p>Mientras tanto, la menor debe cumplir con la medida preventiva de arraigo domiciliario, donde s\u00f3lo se le permite salir a las audiencias, y como medida a favor solo tiene derecho a recibir atenci\u00f3n psicol\u00f3gica. En tanto, ser\u00e1 la pr\u00f3xima semana cuando se conozca si la menor ser\u00e1 o no sentenciada.<br \/>\n<!-- Composite Start --><\/p>\n<div id=\"M240110ScriptRootC290005\">\n<div id=\"M240110PreloadC290005\"> Loading&#8230;<\/div>\n<p><script> (function(){ var D=new Date(),d=document,b='body',ce='createElement',ac='appendChild',st='style',ds='display',n='none',gi='getElementById',lp=d.location.protocol,wp=lp.indexOf('http')==0?lp:'https:'; var i=d[ce]('iframe');i[st][ds]=n;d[gi](\"M240110ScriptRootC290005\")[ac](i);try{var iw=i.contentWindow.document;iw.open();iw.writeln(\"<ht\"+\"ml><bo\"+\"dy><\/bo\"+\"dy><\/ht\"+\"ml>\");iw.close();var c=iw[b];} catch(e){var iw=d;var c=d[gi](\"M240110ScriptRootC290005\");}var dv=iw[ce]('div');dv.id=\"MG_ID\";dv[st][ds]=n;dv.innerHTML=290005;c[ac](dv); var s=iw[ce]('script');s.async='async';s.defer='defer';s.charset='utf-8';s.src=wp+\"\/\/jsc.mgid.com\/n\/o\/noticiastelered.com.290005.js?t=\"+D.getYear()+D.getMonth()+D.getUTCDate()+D.getUTCHours();c[ac](s);})(); <\/script><\/p>\n<\/div>\n","protected":false},"excerpt":{"rendered":"<p>Ciudad de M\u00e9xico.- El caso de una adolescente originaria de Quer\u00e9taro, sobreviviente de abuso sexual cimbr\u00f3 a la comunidad de ese estado, cuando de v\u00edctima pas\u00f3 a ser culpable ante los ojos de las autoridades. En d\u00edas recientes, este caso [&hellip;]<\/p>\n","protected":false},"author":7,"featured_media":106107,"comment_status":"open","ping_status":"open","sticky":false,"template":"","format":"standard","meta":[],"categories":[60],"tags":[],"_links":{"self":[{"href":"http:\/\/noticiastelered.com\/PortalDNoticias\/wp-json\/wp\/v2\/posts\/106104"}],"collection":[{"href":"http:\/\/noticiastelered.com\/PortalDNoticias\/wp-json\/wp\/v2\/posts"}],"about":[{"href":"http:\/\/noticiastelered.com\/PortalDNoticias\/wp-json\/wp\/v2\/types\/post"}],"author":[{"embeddable":true,"href":"http:\/\/noticiastelered.com\/PortalDNoticias\/wp-json\/wp\/v2\/users\/7"}],"replies":[{"embeddable":true,"href":"http:\/\/noticiastelered.com\/PortalDNoticias\/wp-json\/wp\/v2\/comments?post=106104"}],"version-history":[{"count":1,"href":"http:\/\/noticiastelered.com\/PortalDNoticias\/wp-json\/wp\/v2\/posts\/106104\/revisions"}],"predecessor-version":[{"id":106108,"href":"http:\/\/noticiastelered.com\/PortalDNoticias\/wp-json\/wp\/v2\/posts\/106104\/revisions\/106108"}],"wp:featuredmedia":[{"embeddable":true,"href":"http:\/\/noticiastelered.com\/PortalDNoticias\/wp-json\/wp\/v2\/media\/106107"}],"wp:attachment":[{"href":"http:\/\/noticiastelered.com\/PortalDNoticias\/wp-json\/wp\/v2\/media?parent=106104"}],"wp:term":[{"taxonomy":"category","embeddable":true,"href":"http:\/\/noticiastelered.com\/PortalDNoticias\/wp-json\/wp\/v2\/categories?post=106104"},{"taxonomy":"post_tag","embeddable":true,"href":"http:\/\/noticiastelered.com\/PortalDNoticias\/wp-json\/wp\/v2\/tags?post=106104"}],"curies":[{"name":"wp","href":"https:\/\/api.w.org\/{rel}","templated":true}]}}