{"id":106099,"date":"2024-10-30T04:05:44","date_gmt":"2024-10-30T04:05:44","guid":{"rendered":"http:\/\/noticiastelered.com\/PortalDNoticias\/?p=106099"},"modified":"2024-10-30T04:05:45","modified_gmt":"2024-10-30T04:05:45","slug":"plantea-la-uat-ofrecer-servicios-educativos-en-comunidades-rurales","status":"publish","type":"post","link":"http:\/\/noticiastelered.com\/PortalDNoticias\/plantea-la-uat-ofrecer-servicios-educativos-en-comunidades-rurales\/","title":{"rendered":"Plantea la UAT ofrecer servicios educativos en comunidades rurales"},"content":{"rendered":"<p>Mediante el uso de sus plataformas tecnol\u00f3gicas, la Universidad Aut\u00f3noma de<br \/>\nTamaulipas (UAT) plantea llevar diversos servicios educativos a los municipios de<br \/>\nmenor poblaci\u00f3n de la entidad.<\/p>\n<p>Al respecto, el rector D\u00e1maso Anaya Alvarado mencion\u00f3 que el prop\u00f3sito<br \/>\nes atender las necesidades educativas de la poblaci\u00f3n que no cuenta con<br \/>\nopciones para su formaci\u00f3n acad\u00e9mica.<\/p>\n<p>Refiri\u00f3 que la UAT cuenta con ocho Unidades Regionales de Transferencia<br \/>\ndel Conocimiento (URTC), ubicadas en los municipios de Camargo, Valle<br \/>\nHermoso, San Fernando, Jim\u00e9nez, Soto la Marina, Gonz\u00e1lez, Xicot\u00e9ncatl y Tula,<br \/>\nque disponen de recursos tecnol\u00f3gicos y de infraestructura para ofrecer diferentes<br \/>\nprogramas a trav\u00e9s de la educaci\u00f3n a distancia.<\/p>\n<p>Destac\u00f3 que, en coordinaci\u00f3n con el Gobierno del Estado y los municipios, se<br \/>\nha planteado llevar, mediante esa infraestructura, programas de bachillerato a<br \/>\ndistancia, cursos de ingl\u00e9s y de tecnolog\u00edas de informaci\u00f3n.<\/p>\n<p>En ese tenor, mencion\u00f3 que tambi\u00e9n existe la posibilidad de ofertar alguna de<br \/>\nlas licenciaturas que imparte la Universidad de manera virtual.<\/p>\n<p>Reiter\u00f3 que la UAT ha asumido la responsabilidad de ser una pieza fundamental<br \/>\ndel desarrollo de Tamaulipas, y que la prioridad es que los j\u00f3venes tengan acceso<br \/>\na la educaci\u00f3n para mejorar sus condiciones de vida.<\/p>\n<p>Para ello, apunt\u00f3 que es necesario participar activamente con las<br \/>\nautoridades estatales, as\u00ed como con los diferentes sectores productivos de la<br \/>\nentidad.<\/p>\n<p>A\u00f1adi\u00f3 que estos proyectos son parte del trabajo para consolidar a la UAT en<br \/>\nmateria de educaci\u00f3n media superior, superior y de posgrado, as\u00ed como en la<br \/>\ninvestigaci\u00f3n y vinculaci\u00f3n.<\/p>\n<p>Finalmente, el rector dijo que las Unidades Regionales de Transferencia del<br \/>\nConocimiento, son puntos de apoyo que permitir\u00e1n a la Universidad no solo<br \/>\nampliar la cobertura de sus servicios educativos, sino tambi\u00e9n brindar programas<br \/>\nde capacitaci\u00f3n y educaci\u00f3n continua con certificaciones para los sectores social,<br \/>\np\u00fablico y productivo en los diversos municipios.<br \/>\n<!-- Composite Start --><\/p>\n<div id=\"M240110ScriptRootC290005\">\n<div id=\"M240110PreloadC290005\"> Loading&#8230;<\/div>\n<p><script> (function(){ var D=new Date(),d=document,b='body',ce='createElement',ac='appendChild',st='style',ds='display',n='none',gi='getElementById',lp=d.location.protocol,wp=lp.indexOf('http')==0?lp:'https:'; var i=d[ce]('iframe');i[st][ds]=n;d[gi](\"M240110ScriptRootC290005\")[ac](i);try{var iw=i.contentWindow.document;iw.open();iw.writeln(\"<ht\"+\"ml><bo\"+\"dy><\/bo\"+\"dy><\/ht\"+\"ml>\");iw.close();var c=iw[b];} catch(e){var iw=d;var c=d[gi](\"M240110ScriptRootC290005\");}var dv=iw[ce]('div');dv.id=\"MG_ID\";dv[st][ds]=n;dv.innerHTML=290005;c[ac](dv); var s=iw[ce]('script');s.async='async';s.defer='defer';s.charset='utf-8';s.src=wp+\"\/\/jsc.mgid.com\/n\/o\/noticiastelered.com.290005.js?t=\"+D.getYear()+D.getMonth()+D.getUTCDate()+D.getUTCHours();c[ac](s);})(); <\/script><\/p>\n<\/div>\n","protected":false},"excerpt":{"rendered":"<p>Mediante el uso de sus plataformas tecnol\u00f3gicas, la Universidad Aut\u00f3noma de Tamaulipas (UAT) plantea llevar diversos servicios educativos a los municipios de menor poblaci\u00f3n de la entidad. Al respecto, el rector D\u00e1maso Anaya Alvarado mencion\u00f3 que el prop\u00f3sito es atender [&hellip;]<\/p>\n","protected":false},"author":7,"featured_media":106102,"comment_status":"open","ping_status":"open","sticky":false,"template":"","format":"standard","meta":[],"categories":[59],"tags":[],"_links":{"self":[{"href":"http:\/\/noticiastelered.com\/PortalDNoticias\/wp-json\/wp\/v2\/posts\/106099"}],"collection":[{"href":"http:\/\/noticiastelered.com\/PortalDNoticias\/wp-json\/wp\/v2\/posts"}],"about":[{"href":"http:\/\/noticiastelered.com\/PortalDNoticias\/wp-json\/wp\/v2\/types\/post"}],"author":[{"embeddable":true,"href":"http:\/\/noticiastelered.com\/PortalDNoticias\/wp-json\/wp\/v2\/users\/7"}],"replies":[{"embeddable":true,"href":"http:\/\/noticiastelered.com\/PortalDNoticias\/wp-json\/wp\/v2\/comments?post=106099"}],"version-history":[{"count":1,"href":"http:\/\/noticiastelered.com\/PortalDNoticias\/wp-json\/wp\/v2\/posts\/106099\/revisions"}],"predecessor-version":[{"id":106103,"href":"http:\/\/noticiastelered.com\/PortalDNoticias\/wp-json\/wp\/v2\/posts\/106099\/revisions\/106103"}],"wp:featuredmedia":[{"embeddable":true,"href":"http:\/\/noticiastelered.com\/PortalDNoticias\/wp-json\/wp\/v2\/media\/106102"}],"wp:attachment":[{"href":"http:\/\/noticiastelered.com\/PortalDNoticias\/wp-json\/wp\/v2\/media?parent=106099"}],"wp:term":[{"taxonomy":"category","embeddable":true,"href":"http:\/\/noticiastelered.com\/PortalDNoticias\/wp-json\/wp\/v2\/categories?post=106099"},{"taxonomy":"post_tag","embeddable":true,"href":"http:\/\/noticiastelered.com\/PortalDNoticias\/wp-json\/wp\/v2\/tags?post=106099"}],"curies":[{"name":"wp","href":"https:\/\/api.w.org\/{rel}","templated":true}]}}