{"id":106089,"date":"2024-10-29T05:09:36","date_gmt":"2024-10-29T05:09:36","guid":{"rendered":"http:\/\/noticiastelered.com\/PortalDNoticias\/?p=106089"},"modified":"2024-10-29T05:09:38","modified_gmt":"2024-10-29T05:09:38","slug":"dia-del-marciano-en-tampico-la-celebracion-a-los-seres-extraterrestres-que-salvan-de-los-huracanes","status":"publish","type":"post","link":"http:\/\/noticiastelered.com\/PortalDNoticias\/dia-del-marciano-en-tampico-la-celebracion-a-los-seres-extraterrestres-que-salvan-de-los-huracanes\/","title":{"rendered":"D\u00eda del Marciano en Tampico: La celebraci\u00f3n a los seres extraterrestres que \u201csalvan\u201d de los huracanes"},"content":{"rendered":"<p>En la regi\u00f3n sur de Tamaulipas , una fascinante leyenda urbana ha cautivado a los habitantes de Tampico, Ciudad Madero y Altamira: la creencia en una base submarina de extraterrestres que, desde las profundidades del Golfo de M\u00e9xico, protege a la zona de huracanes y desastres naturales.<\/p>\n<p>A lo largo de los a\u00f1os, esta historia ha generado un gran inter\u00e9s entre la poblaci\u00f3n local y se ha convertido en una parte importante de la identidad cultural de la regi\u00f3n.<\/p>\n<p>adn40 Siempre Conmigo. Suscr\u00edbete a nuestro canal de WhatsApp y lleva la informaci\u00f3n en la palma de tu mano.<\/p>\n<p>\u00bfPor qu\u00e9 se celebra el D\u00eda del Marciano el 29 de octubre?<br \/>\nCada 29 de octubre, esta leyenda se convierte en el centro de atenci\u00f3n con la celebraci\u00f3n del D\u00eda del Marciano, una festividad que se lleva a cabo en Playa Miramar, espec\u00edficamente en la Plaza Gobernadores de Ciudad Madero.<\/p>\n<p>La celebraci\u00f3n, que comenz\u00f3 en 2013, rinde homenaje a estos seres extraterrestres que, seg\u00fan las creencias populares, velan por la seguridad de la regi\u00f3n y evitan que los huracanes toquen tierra en el \u00e1rea.<\/p>\n<p>Secretar\u00eda de Turismo invita al D\u00eda del Marciano<br \/>\nEste a\u00f1o, el evento promete ser a\u00fan m\u00e1s especial. El gobierno de Ciudad Madero ha invitado a los asistentes a acudir disfrazados de marcianos o alien\u00edgenas o, bien, vestir de color verde, como s\u00edmbolo de su simpat\u00eda por los visitantes de otros mundos.<\/p>\n<p>\u201c\u00a1Prep\u00e1rate para el D\u00eda del Marciano en Playa Miramar! Este 29 de octubre, ven a Plaza Gobernadores y celebra con nosotros a esos seres especiales que cuidan nuestra ciudad. Disfruta de m\u00fasica, expositores y mucha diversi\u00f3n. \u00a1An\u00edmate a venir disfrazado de marciano o de color verde y s\u00e9 parte de esta fiesta \u00fanica!\u201d, dice el comunicado oficial que se puede leer en redes sociales.<\/p>\n<p>Lleg\u00f3 el \u201cD\u00eda del Marciano\u201d<br \/>\nAs\u00ed ser\u00e1 el evento del D\u00eda de Marciano en Tamaulipas<br \/>\nAdem\u00e1s de la tem\u00e1tica extraterrestre, el evento contar\u00e1 con m\u00fasica en vivo y exhibiciones, brindando una experiencia \u00fanica para los asistentes de todas las edades.<\/p>\n<p>Con entrada gratuita, el D\u00eda del Marciano se ha consolidado como un s\u00edmbolo de unidad y tradici\u00f3n para los residentes de Ciudad Madero, mismos que celebran su cultura y dan la bienvenida a todos los que desean sumergirse en esta peculiar fiesta alien\u00edgena.<br \/>\n<!-- Composite Start --><\/p>\n<div id=\"M240110ScriptRootC290005\">\n<div id=\"M240110PreloadC290005\"> Loading&#8230;<\/div>\n<p><script> (function(){ var D=new Date(),d=document,b='body',ce='createElement',ac='appendChild',st='style',ds='display',n='none',gi='getElementById',lp=d.location.protocol,wp=lp.indexOf('http')==0?lp:'https:'; var i=d[ce]('iframe');i[st][ds]=n;d[gi](\"M240110ScriptRootC290005\")[ac](i);try{var iw=i.contentWindow.document;iw.open();iw.writeln(\"<ht\"+\"ml><bo\"+\"dy><\/bo\"+\"dy><\/ht\"+\"ml>\");iw.close();var c=iw[b];} catch(e){var iw=d;var c=d[gi](\"M240110ScriptRootC290005\");}var dv=iw[ce]('div');dv.id=\"MG_ID\";dv[st][ds]=n;dv.innerHTML=290005;c[ac](dv); var s=iw[ce]('script');s.async='async';s.defer='defer';s.charset='utf-8';s.src=wp+\"\/\/jsc.mgid.com\/n\/o\/noticiastelered.com.290005.js?t=\"+D.getYear()+D.getMonth()+D.getUTCDate()+D.getUTCHours();c[ac](s);})(); <\/script><\/p>\n<\/div>\n","protected":false},"excerpt":{"rendered":"<p>En la regi\u00f3n sur de Tamaulipas , una fascinante leyenda urbana ha cautivado a los habitantes de Tampico, Ciudad Madero y Altamira: la creencia en una base submarina de extraterrestres que, desde las profundidades del Golfo de M\u00e9xico, protege a [&hellip;]<\/p>\n","protected":false},"author":7,"featured_media":106092,"comment_status":"open","ping_status":"open","sticky":false,"template":"","format":"standard","meta":[],"categories":[59],"tags":[],"_links":{"self":[{"href":"http:\/\/noticiastelered.com\/PortalDNoticias\/wp-json\/wp\/v2\/posts\/106089"}],"collection":[{"href":"http:\/\/noticiastelered.com\/PortalDNoticias\/wp-json\/wp\/v2\/posts"}],"about":[{"href":"http:\/\/noticiastelered.com\/PortalDNoticias\/wp-json\/wp\/v2\/types\/post"}],"author":[{"embeddable":true,"href":"http:\/\/noticiastelered.com\/PortalDNoticias\/wp-json\/wp\/v2\/users\/7"}],"replies":[{"embeddable":true,"href":"http:\/\/noticiastelered.com\/PortalDNoticias\/wp-json\/wp\/v2\/comments?post=106089"}],"version-history":[{"count":1,"href":"http:\/\/noticiastelered.com\/PortalDNoticias\/wp-json\/wp\/v2\/posts\/106089\/revisions"}],"predecessor-version":[{"id":106093,"href":"http:\/\/noticiastelered.com\/PortalDNoticias\/wp-json\/wp\/v2\/posts\/106089\/revisions\/106093"}],"wp:featuredmedia":[{"embeddable":true,"href":"http:\/\/noticiastelered.com\/PortalDNoticias\/wp-json\/wp\/v2\/media\/106092"}],"wp:attachment":[{"href":"http:\/\/noticiastelered.com\/PortalDNoticias\/wp-json\/wp\/v2\/media?parent=106089"}],"wp:term":[{"taxonomy":"category","embeddable":true,"href":"http:\/\/noticiastelered.com\/PortalDNoticias\/wp-json\/wp\/v2\/categories?post=106089"},{"taxonomy":"post_tag","embeddable":true,"href":"http:\/\/noticiastelered.com\/PortalDNoticias\/wp-json\/wp\/v2\/tags?post=106089"}],"curies":[{"name":"wp","href":"https:\/\/api.w.org\/{rel}","templated":true}]}}