{"id":105580,"date":"2024-10-21T12:02:58","date_gmt":"2024-10-21T12:02:58","guid":{"rendered":"http:\/\/noticiastelered.com\/PortalDNoticias\/?p=105580"},"modified":"2024-10-21T12:02:59","modified_gmt":"2024-10-21T12:02:59","slug":"militares-provocan-choque-en-un-blindado-ocelotl-causan-danos-y-lesiones-a-varias-mujeres-y-una-familia-estadounidense","status":"publish","type":"post","link":"http:\/\/noticiastelered.com\/PortalDNoticias\/militares-provocan-choque-en-un-blindado-ocelotl-causan-danos-y-lesiones-a-varias-mujeres-y-una-familia-estadounidense\/","title":{"rendered":"Militares provocan choque en un blindado \u201cOcelotl&#8221;; causan da\u00f1os y lesiones a varias mujeres y una familia estadounidense"},"content":{"rendered":"\n<p>Nuevo Laredo, Tamaulipas, 20 de octubre de 2024.\u2014 Personal militar a bordo de un veh\u00edculo blindado modelo &#8220;Ocelotl&#8221;, dise\u00f1ado para uso b\u00e9lico y perteneciente a la Secretar\u00eda de la Defensa Nacional (Sedena), se pas\u00f3 un alto y, con las luces apagadas, choc\u00f3 contra un Volkswagen Jetta modelo 1999 y un Camaro 2018, en el cruce de Bol\u00edvar y la avenida 20 de Noviembre.<\/p>\n\n\n\n<p>El Volkswagen, conducido por una mujer acompa\u00f1ada de otras f\u00e9minas, result\u00f3 da\u00f1ado y las ocupantes sufrieron lesiones menores. Por otro lado, el Camaro, manejado por Jorge, de 26 a\u00f1os, quien iba acompa\u00f1ado de su esposa y su hija de tres meses, quien result\u00f3 lesionada y los militares negaron se le diera atenci\u00f3n m\u00e9dica.<\/p>\n\n\n\n<p>Los veh\u00edculos civiles circulaban de sur a norte por la avenida 20 de Noviembre, y en el crucero con la calle Bol\u00edvar fueron impactados por el veh\u00edculo militar con valor superior a los 10 millones de pesos y n\u00famero econ\u00f3mico 09008133, propiedad de la SEDENA, que era conducido en forma imprudente y sin respeto a los se\u00f1alamientos viales.<\/p>\n\n\n\n<p>Los integrantes de la familia afectada son ciudadanos estadounidenses y residentes en Laredo, Texas. Daniel, hermano de Jorge, expres\u00f3 su indignaci\u00f3n: \u201cNo le prestaron atenci\u00f3n desde el principio; yo esperaba que la ayudaran, la llevaran a un hospital, pero solo pasaban y se iban\u201d.<\/p>\n\n\n\n<p>Tras el accidente, el personal militar acordon\u00f3 la zona e impidi\u00f3 el paso a automovilistas e incluso a quienes se dirig\u00edan a sus domicilios. Seg\u00fan varios testigos, los soldados llegaron a amenazar a los reporteros, apunt\u00e1ndoles con sus armas para evitar que tomaran fotograf\u00edas del siniestro.<\/p>\n\n\n\n<p>Este no es un hecho aislado. Los choques en los que est\u00e1n involucrados militares han aumentado en frecuencia, y en todos los casos, las autoridades castrenses han sido se\u00f1aladas como responsables directos por su comportamiento negligente al volante.<br>Adem\u00e1s, el personal militar ha sido denunciado por actuar de manera hostil hacia los afectados y los periodistas, bloqueando la cobertura de estos incidentes y, en muchos casos, utilizando la intimidaci\u00f3n armada para imponer su control sobre la escena.<\/p>\n\n\n\n<p>El veh\u00edculo blindado &#8220;Ocelotl&#8221; involucrado en este choque es parte de una flota reciente adquirida por el Ej\u00e9rcito Mexicano entre septiembre de 2023 y julio de 2024, como parte de la &#8220;Renovaci\u00f3n del parque vehicular del Ej\u00e9rcito y las Fuerzas Armadas Mexicanas&#8221;.<\/p>\n\n\n\n<p>Estos veh\u00edculos fueron presentados p\u00fablicamente en el desfile militar del 16 de septiembre en la Ciudad de M\u00e9xico. A pesar de sus capacidades de alta movilidad y protecci\u00f3n en zonas de conflicto, su uso en \u00e1reas urbanas ha generado controversia debido a su tama\u00f1o, falta de visibilidad y la manera en que son conducidos.<\/p>\n\n\n\n<p>Los accidentes viales provocados por personal militar, son causados por no respetar los se\u00f1alamientos de tr\u00e1nsito, circular a exceso de velocidad y frecuentemente se pasan los altos. Los incidentes han causado da\u00f1os materiales y han puesto en peligro a la ciudadan\u00eda, mientras que la actitud de los militares involucrados ha generado preocupaci\u00f3n y temor entre la poblaci\u00f3n.<\/p>\n\n\n\n<h1 class=\"wp-block-heading\">NuevoLaredo #AccidenteVial #Ocelotl #Militares #Sedena #Choque #SeguridadVial #Justicia #DerechosHumanos #Intimidaci\u00f3n #Periodismo #Responsabilidad #AccidenteMilitar #Civiles #FuerzasArmadas #Renovaci\u00f3nVehicular #Conducci\u00f3nNegligente #Transparencia #Testigos #MujeresHeridas #Ocelotl<\/h1>\n","protected":false},"excerpt":{"rendered":"<p>Nuevo Laredo, Tamaulipas, 20 de octubre de 2024.\u2014 Personal militar a bordo de un veh\u00edculo blindado modelo &#8220;Ocelotl&#8221;, dise\u00f1ado para uso b\u00e9lico y perteneciente a la Secretar\u00eda de la Defensa Nacional (Sedena), se pas\u00f3 un alto y, con las luces [&hellip;]<\/p>\n","protected":false},"author":7,"featured_media":105583,"comment_status":"open","ping_status":"open","sticky":false,"template":"","format":"standard","meta":[],"categories":[63,77],"tags":[],"_links":{"self":[{"href":"http:\/\/noticiastelered.com\/PortalDNoticias\/wp-json\/wp\/v2\/posts\/105580"}],"collection":[{"href":"http:\/\/noticiastelered.com\/PortalDNoticias\/wp-json\/wp\/v2\/posts"}],"about":[{"href":"http:\/\/noticiastelered.com\/PortalDNoticias\/wp-json\/wp\/v2\/types\/post"}],"author":[{"embeddable":true,"href":"http:\/\/noticiastelered.com\/PortalDNoticias\/wp-json\/wp\/v2\/users\/7"}],"replies":[{"embeddable":true,"href":"http:\/\/noticiastelered.com\/PortalDNoticias\/wp-json\/wp\/v2\/comments?post=105580"}],"version-history":[{"count":1,"href":"http:\/\/noticiastelered.com\/PortalDNoticias\/wp-json\/wp\/v2\/posts\/105580\/revisions"}],"predecessor-version":[{"id":105584,"href":"http:\/\/noticiastelered.com\/PortalDNoticias\/wp-json\/wp\/v2\/posts\/105580\/revisions\/105584"}],"wp:featuredmedia":[{"embeddable":true,"href":"http:\/\/noticiastelered.com\/PortalDNoticias\/wp-json\/wp\/v2\/media\/105583"}],"wp:attachment":[{"href":"http:\/\/noticiastelered.com\/PortalDNoticias\/wp-json\/wp\/v2\/media?parent=105580"}],"wp:term":[{"taxonomy":"category","embeddable":true,"href":"http:\/\/noticiastelered.com\/PortalDNoticias\/wp-json\/wp\/v2\/categories?post=105580"},{"taxonomy":"post_tag","embeddable":true,"href":"http:\/\/noticiastelered.com\/PortalDNoticias\/wp-json\/wp\/v2\/tags?post=105580"}],"curies":[{"name":"wp","href":"https:\/\/api.w.org\/{rel}","templated":true}]}}