{"id":104808,"date":"2024-10-10T04:44:09","date_gmt":"2024-10-10T04:44:09","guid":{"rendered":"http:\/\/noticiastelered.com\/PortalDNoticias\/?p=104808"},"modified":"2024-10-10T04:44:10","modified_gmt":"2024-10-10T04:44:10","slug":"rene-franco-revela-detalles-de-su-entrevista-a-adrian-marcelo-cuando-sale","status":"publish","type":"post","link":"http:\/\/noticiastelered.com\/PortalDNoticias\/rene-franco-revela-detalles-de-su-entrevista-a-adrian-marcelo-cuando-sale\/","title":{"rendered":"Ren\u00e9 Franco revela detalles de su entrevista a Adri\u00e1n Marcelo \u00bfCu\u00e1ndo sale?"},"content":{"rendered":"<p>M\u00e9xico.- Ren\u00e9 Franco dio a conocer que s\u00ed logr\u00f3 entrevistar a Adri\u00e1n Marcelo tras su pol\u00e9mico paso por La Casa de los Famosos M\u00e9xico, y revel\u00f3 algunos detalles de su charla con el regiomontano.<\/p>\n<p>El periodista, quien ya hab\u00eda anticipado que entrevistar\u00eda al exl\u00edder del cuarto Tierra, se\u00f1al\u00f3 que, como es de esperarse, su video generar\u00e1 demasiada pol\u00e9mica en redes sociales, \u00bfCu\u00e1ndo lo publicar\u00e1? Aqu\u00ed te decimos.<\/p>\n<p>Fue ayer durante un live en su canal de YouTube que Franco le coment\u00f3 a varios amigos que ya habl\u00f3 y  con \u00e9xito su entrevista con el expresentador de SNSerio, quien de acuerdo con lo revelado por el expanelista de La Casa de los Famosos, Adri\u00e1n sacar\u00e1 a la luz datos in\u00e9ditos de su participaci\u00f3n en el reality.<\/p>\n<p>&#8220;La entrevista est\u00e1 hecha, es una s\u00faper entrevista. No puedo esperar a que salga, los que lo vieron presencialmente dijeron que es una &#8216;salvajada de entrevista&#8217;, fue muy divertida y creo que va a causar todo un tema cuando aparezca [&#8230;]<\/p>\n<p>&#8220;Tiene algunas sorpresas que no esperan, todo lo que Adri\u00e1n Marcelo piensa y todo lo que siempre quisieron saber del asunto de &#8216;LCDLF&#8217;, no hay nada que no se platique&#8221;, declar\u00f3.<\/p>\n<p>\u00bfCu\u00e1ndo saldr\u00e1 la entrevista a Adri\u00e1n Marcelo?<br \/>\nFinalmente, Ren\u00e9 Franco  dijo que, debido  nuevo video de Adri\u00e1n Marcelo en su programa de &#8216;Radar&#8217; y a su regreso oficial al podcast de &#8216;Hermanos de Leche&#8217;, prev\u00e9 que el estreno de su entrevista sea el pr\u00f3ximo lunes 14 de octubre.<\/p>\n<p>&#8220;Yo quer\u00eda sacar la entrevista en vivo este lunes (7 de octubre) pero su m\u00e1nager me dijo que el 10 regresa a &#8216;Radar&#8217; y luego en su programa con &#8216;La Mole&#8217; y despu\u00e9s regresa un programa con pl\u00e1ticas m\u00e1s serias con Adri\u00e1n. Yo creo que la pr\u00f3xima semana me van a desembargar la entrevista por el lunes 14&#8221;, mencion\u00f3.<br \/>\n<!-- Composite Start --><\/p>\n<div id=\"M240110ScriptRootC290005\">\n<div id=\"M240110PreloadC290005\"> Loading&#8230;<\/div>\n<p><script> (function(){ var D=new Date(),d=document,b='body',ce='createElement',ac='appendChild',st='style',ds='display',n='none',gi='getElementById',lp=d.location.protocol,wp=lp.indexOf('http')==0?lp:'https:'; var i=d[ce]('iframe');i[st][ds]=n;d[gi](\"M240110ScriptRootC290005\")[ac](i);try{var iw=i.contentWindow.document;iw.open();iw.writeln(\"<ht\"+\"ml><bo\"+\"dy><\/bo\"+\"dy><\/ht\"+\"ml>\");iw.close();var c=iw[b];} catch(e){var iw=d;var c=d[gi](\"M240110ScriptRootC290005\");}var dv=iw[ce]('div');dv.id=\"MG_ID\";dv[st][ds]=n;dv.innerHTML=290005;c[ac](dv); var s=iw[ce]('script');s.async='async';s.defer='defer';s.charset='utf-8';s.src=wp+\"\/\/jsc.mgid.com\/n\/o\/noticiastelered.com.290005.js?t=\"+D.getYear()+D.getMonth()+D.getUTCDate()+D.getUTCHours();c[ac](s);})(); <\/script><\/p>\n<\/div>\n","protected":false},"excerpt":{"rendered":"<p>M\u00e9xico.- Ren\u00e9 Franco dio a conocer que s\u00ed logr\u00f3 entrevistar a Adri\u00e1n Marcelo tras su pol\u00e9mico paso por La Casa de los Famosos M\u00e9xico, y revel\u00f3 algunos detalles de su charla con el regiomontano. El periodista, quien ya hab\u00eda anticipado [&hellip;]<\/p>\n","protected":false},"author":7,"featured_media":104811,"comment_status":"open","ping_status":"open","sticky":false,"template":"","format":"standard","meta":[],"categories":[66],"tags":[],"_links":{"self":[{"href":"http:\/\/noticiastelered.com\/PortalDNoticias\/wp-json\/wp\/v2\/posts\/104808"}],"collection":[{"href":"http:\/\/noticiastelered.com\/PortalDNoticias\/wp-json\/wp\/v2\/posts"}],"about":[{"href":"http:\/\/noticiastelered.com\/PortalDNoticias\/wp-json\/wp\/v2\/types\/post"}],"author":[{"embeddable":true,"href":"http:\/\/noticiastelered.com\/PortalDNoticias\/wp-json\/wp\/v2\/users\/7"}],"replies":[{"embeddable":true,"href":"http:\/\/noticiastelered.com\/PortalDNoticias\/wp-json\/wp\/v2\/comments?post=104808"}],"version-history":[{"count":1,"href":"http:\/\/noticiastelered.com\/PortalDNoticias\/wp-json\/wp\/v2\/posts\/104808\/revisions"}],"predecessor-version":[{"id":104812,"href":"http:\/\/noticiastelered.com\/PortalDNoticias\/wp-json\/wp\/v2\/posts\/104808\/revisions\/104812"}],"wp:featuredmedia":[{"embeddable":true,"href":"http:\/\/noticiastelered.com\/PortalDNoticias\/wp-json\/wp\/v2\/media\/104811"}],"wp:attachment":[{"href":"http:\/\/noticiastelered.com\/PortalDNoticias\/wp-json\/wp\/v2\/media?parent=104808"}],"wp:term":[{"taxonomy":"category","embeddable":true,"href":"http:\/\/noticiastelered.com\/PortalDNoticias\/wp-json\/wp\/v2\/categories?post=104808"},{"taxonomy":"post_tag","embeddable":true,"href":"http:\/\/noticiastelered.com\/PortalDNoticias\/wp-json\/wp\/v2\/tags?post=104808"}],"curies":[{"name":"wp","href":"https:\/\/api.w.org\/{rel}","templated":true}]}}