{"id":104803,"date":"2024-10-10T04:42:26","date_gmt":"2024-10-10T04:42:26","guid":{"rendered":"http:\/\/noticiastelered.com\/PortalDNoticias\/?p=104803"},"modified":"2024-10-10T04:42:27","modified_gmt":"2024-10-10T04:42:27","slug":"briggitte-llama-malagradecida-a-gala-por-pleito-con-lau-stylist","status":"publish","type":"post","link":"http:\/\/noticiastelered.com\/PortalDNoticias\/briggitte-llama-malagradecida-a-gala-por-pleito-con-lau-stylist\/","title":{"rendered":"Briggitte llama malagradecida a Gala por pleito con Lau &#8216;Stylist&#8217;"},"content":{"rendered":"<p>Ciudad de M\u00e9xico.- Aunque La Casa de los Famosos termin\u00f3 hace poco m\u00e1s de una semana, situaciones de drama contin\u00faan con los exhabitantes y ahora; Gala Montes, Briggitte Bozzo y su estilista Lau, protagonizan una nueva pol\u00e9mica.<\/p>\n<p>\u00bfQu\u00e9 sucedi\u00f3?&#8230; Al terminar el reality show, los exintegrantes regresaron a sus redes sociales donde comparten su vida a trav\u00e9s de historias, y en espec\u00edfico, un posteo de Lau, la estilista de Briggitte Bozzo, donde desaprob\u00f3 el estado en el que Gala Montes regres\u00f3 la ropa, zapatos y accesorios que hab\u00eda usado en la casa, inici\u00f3 todo el pleito.<\/p>\n<p>\u201cQu\u00e9 horrible trabajar con gente as\u00ed que te mande las cosas como un basurero\u2026 l\u00e1stima y verg\u00fcenza ajena\u201d, public\u00f3 Lau junto a una foto de la ropa, zapatos y accesorios que us\u00f3 Gala.<\/p>\n<p>Gala Montes respondi\u00f3; \u201cMe das un collar que puedo hacer en \u2018Fantas\u00edas Miguelito\u2019 que mi sobrina lo hace mejor y me lo quieres cobrar como si fueran perlas tra\u00eddas del oc\u00e9ano (\u2026) y me dice, \u2018te lo cobro\u2019; pues te lo pago, pero d\u00f3nde voy a comprar el p*nche collar, y entonces\u2026 (dice) \u2018no, no, no, depos\u00edtamelo\u2019; ah cabr\u00f3n, no, o sea, qu\u00e9 te voy a depositar, (dime) d\u00f3nde compro el collar, y ya no me dijo nada.<\/p>\n<p>\u201cY el \u00faltimo altercado que tuvimos fue este de las botas, que me manda las botas m\u00e1s chafas del mundo, por si alguien quiere contratarla de su stylist, no se metan en pedos, digo, Laura no cobraba nada porque era un ganar-ganar (\u2026) Neta, a m\u00ed la ropa que Laura me daba era de Shein, te lo pago, pero no vengas ahorita a hacer conflicto por algo que es tu culpa y que t\u00fa como stylist deber\u00edas de saber\u201d, dijo Gala.<\/p>\n<p>Te podr\u00eda interesar<br \/>\n\u00bfGala Montes ser\u00e1 imagen de Rexona? Esto fue lo que dijo la actriz<br \/>\n\u00bfGala Montes ser\u00e1 imagen de Rexona? Esto fue lo que dijo la actriz<br \/>\nGala Montes niega haberse reconciliado con su mam\u00e1 pese a reencuentro en la final<br \/>\nGala Montes niega haberse reconciliado con su mam\u00e1 pese a reencuentro en la final<br \/>\nGala despu\u00e9s procedi\u00f3 a se\u00f1alar a Lau por su mal car\u00e1cter y actitud; \u201cQu\u00e9 feo que vengan personas como t\u00fa a nuestro pa\u00eds, que les ha dado tanto trabajo a los extranjeros, dejemos de idealizarlos, llegas con un p\u00e9simo car\u00e1cter a querer ordenar, a querer decir\u201d.<\/p>\n<p>Minutos despu\u00e9s, Briggitte, quien a\u00fan trabaja con Lau y es su amiga, sali\u00f3 a defenderla; \u201cDisc\u00falpenme, y yo amo a Gala con todo mi coraz\u00f3n, pero es que, a ver, tambi\u00e9n, es como desvalorar el trabajo de un mesero, no lo vas a tratar c*lero porque est\u00e1 atendiendo, sea quien seas, no puedes ser as\u00ed, no puedes ser una persona malagradecida, nunca, o sea Lau, me conoce perfectamente (\u2026) Lau es mi amiga, con Lau yo trabajo s\u00faper bien\u201d.<\/p>\n<p>Personalidades como Un Tal Fredo reaccionaron al pleito y \u00e9l dijo; \u201c\u00bfLES DIJE O NO LES DIJE? Esa Lau Stylist es bien problem\u00e1tica usa pura ropa de baja calidad y no tiene sentido del estilo (en mi opini\u00f3n), habl\u00f3 mal de Karime, INVENT\u00d3 que la hab\u00edamos am3n4zad0 y ahora Gala tambi\u00e9n tuvo tema con ella.<\/p>\n<p>Told ya! (sic)\u201d. Hasta el momento Gala no ha reaccionado a las palabras de Briggitte, solo public\u00f3 una historia donde un amigo de ella le expres\u00f3 que no era justo que la llamaran mal agradecida.<br \/>\n<!-- Composite Start --><\/p>\n<div id=\"M240110ScriptRootC290005\">\n<div id=\"M240110PreloadC290005\"> Loading&#8230;<\/div>\n<p><script> (function(){ var D=new Date(),d=document,b='body',ce='createElement',ac='appendChild',st='style',ds='display',n='none',gi='getElementById',lp=d.location.protocol,wp=lp.indexOf('http')==0?lp:'https:'; var i=d[ce]('iframe');i[st][ds]=n;d[gi](\"M240110ScriptRootC290005\")[ac](i);try{var iw=i.contentWindow.document;iw.open();iw.writeln(\"<ht\"+\"ml><bo\"+\"dy><\/bo\"+\"dy><\/ht\"+\"ml>\");iw.close();var c=iw[b];} catch(e){var iw=d;var c=d[gi](\"M240110ScriptRootC290005\");}var dv=iw[ce]('div');dv.id=\"MG_ID\";dv[st][ds]=n;dv.innerHTML=290005;c[ac](dv); var s=iw[ce]('script');s.async='async';s.defer='defer';s.charset='utf-8';s.src=wp+\"\/\/jsc.mgid.com\/n\/o\/noticiastelered.com.290005.js?t=\"+D.getYear()+D.getMonth()+D.getUTCDate()+D.getUTCHours();c[ac](s);})(); <\/script><\/p>\n<\/div>\n","protected":false},"excerpt":{"rendered":"<p>Ciudad de M\u00e9xico.- Aunque La Casa de los Famosos termin\u00f3 hace poco m\u00e1s de una semana, situaciones de drama contin\u00faan con los exhabitantes y ahora; Gala Montes, Briggitte Bozzo y su estilista Lau, protagonizan una nueva pol\u00e9mica. \u00bfQu\u00e9 sucedi\u00f3?&#8230; Al [&hellip;]<\/p>\n","protected":false},"author":7,"featured_media":104806,"comment_status":"open","ping_status":"open","sticky":false,"template":"","format":"standard","meta":[],"categories":[66],"tags":[],"_links":{"self":[{"href":"http:\/\/noticiastelered.com\/PortalDNoticias\/wp-json\/wp\/v2\/posts\/104803"}],"collection":[{"href":"http:\/\/noticiastelered.com\/PortalDNoticias\/wp-json\/wp\/v2\/posts"}],"about":[{"href":"http:\/\/noticiastelered.com\/PortalDNoticias\/wp-json\/wp\/v2\/types\/post"}],"author":[{"embeddable":true,"href":"http:\/\/noticiastelered.com\/PortalDNoticias\/wp-json\/wp\/v2\/users\/7"}],"replies":[{"embeddable":true,"href":"http:\/\/noticiastelered.com\/PortalDNoticias\/wp-json\/wp\/v2\/comments?post=104803"}],"version-history":[{"count":1,"href":"http:\/\/noticiastelered.com\/PortalDNoticias\/wp-json\/wp\/v2\/posts\/104803\/revisions"}],"predecessor-version":[{"id":104807,"href":"http:\/\/noticiastelered.com\/PortalDNoticias\/wp-json\/wp\/v2\/posts\/104803\/revisions\/104807"}],"wp:featuredmedia":[{"embeddable":true,"href":"http:\/\/noticiastelered.com\/PortalDNoticias\/wp-json\/wp\/v2\/media\/104806"}],"wp:attachment":[{"href":"http:\/\/noticiastelered.com\/PortalDNoticias\/wp-json\/wp\/v2\/media?parent=104803"}],"wp:term":[{"taxonomy":"category","embeddable":true,"href":"http:\/\/noticiastelered.com\/PortalDNoticias\/wp-json\/wp\/v2\/categories?post=104803"},{"taxonomy":"post_tag","embeddable":true,"href":"http:\/\/noticiastelered.com\/PortalDNoticias\/wp-json\/wp\/v2\/tags?post=104803"}],"curies":[{"name":"wp","href":"https:\/\/api.w.org\/{rel}","templated":true}]}}