{"id":104040,"date":"2024-09-27T06:16:41","date_gmt":"2024-09-27T06:16:41","guid":{"rendered":"http:\/\/noticiastelered.com\/PortalDNoticias\/?p=104040"},"modified":"2024-09-27T06:16:43","modified_gmt":"2024-09-27T06:16:43","slug":"por-que-el-shampoo-elvive-morado-se-encuentra-en-polemica-en-redes-sociales","status":"publish","type":"post","link":"http:\/\/noticiastelered.com\/PortalDNoticias\/por-que-el-shampoo-elvive-morado-se-encuentra-en-polemica-en-redes-sociales\/","title":{"rendered":"\u00bfPor qu\u00e9 el shampoo Elvive Morado se encuentra en pol\u00e9mica en redes sociales?"},"content":{"rendered":"<p>Ciudad de M\u00e9xico. \u2013 El shampoo Elvive morado se ha vuelto tendencia en las redes sociales ya que algunas mujeres lo acusan de dejarlas \u201ccalvas\u201d.<\/p>\n<p>Las afectadas refieren que han notado la ca\u00edda de su cabello en grandes cantidades luego de usar este shampoo.<\/p>\n<p>&#8220;Hola, chicas. Les cuento, apenas empec\u00e9 a usar este shampoo y miren c\u00f3mo me dej\u00f3. Jam\u00e1s se me hab\u00eda ca\u00eddo as\u00ed el cabello tan feo, de verdad. La verdad estoy llorando.<\/p>\n<p>\u201cComenc\u00e9 a usar la marca Elvive y el cabello se me comenz\u00f3 a caer por montones. Me lo deja suave, pero se me cae bastante. No me puedo peinar porque se vienen los mechones&#8221;, escribi\u00f3 una de las afectadas.<\/p>\n<p>Hasta el momento la compa\u00f1\u00eda L\u2019Oreal Paris no se ha pronunciado al respecto y tampoco existe un sustento cient\u00edfico que se\u00f1ale que este shampoo causa da\u00f1os en el cabello.<\/p>\n<p>Las quejas de las usuarias han causado varios memes en redes sociales, sin embargo, tambi\u00e9n hay quienes defienden esta marca de belleza.<\/p>\n<p>\u201cHe usado todas las marcas de Shampoo y s\u00ed hay muchas que no me sirvieron, pero las nuevas l\u00edneas de Elvive @LorealParisArg me parecen buen\u00edsimas. Esta es la que yo uso y adem\u00e1s de repararlo tambi\u00e9n hizo que se me dejara de caer el pelo y lo dej\u00f3 suave\u201d.<\/p>\n<p>\u201cEl shampoo #elvive HIDRA, PURE hialur\u00f3nico \u201cmoradito\u201d no te deja pelona, chicas en verdad acudan a revisi\u00f3n y dejen de culpar al shampoo\u201d, se\u00f1al\u00f3 otra usuaria.<\/p>\n<p>Por su parte la dermat\u00f3loga Brenda Tello L\u00f3pez, quien cuenta con m\u00e1s de 1 mill\u00f3n de seguidores en TikTok, inform\u00f3 que el fen\u00f3meno puede ser producto de la confusi\u00f3n de los compradores.<\/p>\n<p>\u201cEse es el problema de cuando un producto se viraliza y todo el mundo corre a comprarlo, a muchas personas les va a funcionar, pero a otras no. O se pueden confundir y coincidir el uso de un nuevo producto con alguna situaci\u00f3n de salud previa que ya te iba a pasar\u201d, enfatiz\u00f3 Tello.<\/p>\n<p><!-- Composite Start --><\/p>\n<div id=\"M240110ScriptRootC290005\">\n<div id=\"M240110PreloadC290005\"> Loading&#8230;<\/div>\n<p><script> (function(){ var D=new Date(),d=document,b='body',ce='createElement',ac='appendChild',st='style',ds='display',n='none',gi='getElementById',lp=d.location.protocol,wp=lp.indexOf('http')==0?lp:'https:'; var i=d[ce]('iframe');i[st][ds]=n;d[gi](\"M240110ScriptRootC290005\")[ac](i);try{var iw=i.contentWindow.document;iw.open();iw.writeln(\"<ht\"+\"ml><bo\"+\"dy><\/bo\"+\"dy><\/ht\"+\"ml>\");iw.close();var c=iw[b];} catch(e){var iw=d;var c=d[gi](\"M240110ScriptRootC290005\");}var dv=iw[ce]('div');dv.id=\"MG_ID\";dv[st][ds]=n;dv.innerHTML=290005;c[ac](dv); var s=iw[ce]('script');s.async='async';s.defer='defer';s.charset='utf-8';s.src=wp+\"\/\/jsc.mgid.com\/n\/o\/noticiastelered.com.290005.js?t=\"+D.getYear()+D.getMonth()+D.getUTCDate()+D.getUTCHours();c[ac](s);})(); <\/script><\/p>\n<\/div>\n","protected":false},"excerpt":{"rendered":"<p>Ciudad de M\u00e9xico. \u2013 El shampoo Elvive morado se ha vuelto tendencia en las redes sociales ya que algunas mujeres lo acusan de dejarlas \u201ccalvas\u201d. Las afectadas refieren que han notado la ca\u00edda de su cabello en grandes cantidades luego [&hellip;]<\/p>\n","protected":false},"author":7,"featured_media":104044,"comment_status":"open","ping_status":"open","sticky":false,"template":"","format":"standard","meta":[],"categories":[3],"tags":[],"_links":{"self":[{"href":"http:\/\/noticiastelered.com\/PortalDNoticias\/wp-json\/wp\/v2\/posts\/104040"}],"collection":[{"href":"http:\/\/noticiastelered.com\/PortalDNoticias\/wp-json\/wp\/v2\/posts"}],"about":[{"href":"http:\/\/noticiastelered.com\/PortalDNoticias\/wp-json\/wp\/v2\/types\/post"}],"author":[{"embeddable":true,"href":"http:\/\/noticiastelered.com\/PortalDNoticias\/wp-json\/wp\/v2\/users\/7"}],"replies":[{"embeddable":true,"href":"http:\/\/noticiastelered.com\/PortalDNoticias\/wp-json\/wp\/v2\/comments?post=104040"}],"version-history":[{"count":1,"href":"http:\/\/noticiastelered.com\/PortalDNoticias\/wp-json\/wp\/v2\/posts\/104040\/revisions"}],"predecessor-version":[{"id":104045,"href":"http:\/\/noticiastelered.com\/PortalDNoticias\/wp-json\/wp\/v2\/posts\/104040\/revisions\/104045"}],"wp:featuredmedia":[{"embeddable":true,"href":"http:\/\/noticiastelered.com\/PortalDNoticias\/wp-json\/wp\/v2\/media\/104044"}],"wp:attachment":[{"href":"http:\/\/noticiastelered.com\/PortalDNoticias\/wp-json\/wp\/v2\/media?parent=104040"}],"wp:term":[{"taxonomy":"category","embeddable":true,"href":"http:\/\/noticiastelered.com\/PortalDNoticias\/wp-json\/wp\/v2\/categories?post=104040"},{"taxonomy":"post_tag","embeddable":true,"href":"http:\/\/noticiastelered.com\/PortalDNoticias\/wp-json\/wp\/v2\/tags?post=104040"}],"curies":[{"name":"wp","href":"https:\/\/api.w.org\/{rel}","templated":true}]}}