{"id":104024,"date":"2024-09-27T06:04:56","date_gmt":"2024-09-27T06:04:56","guid":{"rendered":"http:\/\/noticiastelered.com\/PortalDNoticias\/?p=104024"},"modified":"2024-09-27T06:04:58","modified_gmt":"2024-09-27T06:04:58","slug":"una-final-de-pelicula-la-casa-de-los-famosos-transmitira-su-ultima-gala-en-el-cine","status":"publish","type":"post","link":"http:\/\/noticiastelered.com\/PortalDNoticias\/una-final-de-pelicula-la-casa-de-los-famosos-transmitira-su-ultima-gala-en-el-cine\/","title":{"rendered":"Una final de pel\u00edcula, La Casa de los Famosos transmitir\u00e1 su \u00faltima gala en el cine"},"content":{"rendered":"<p>Ciudad de M\u00e9xico.- La segunda temporada de \u201cLa Casa de los Famosos M\u00e9xico\u201d finalizar\u00e1 este domingo y no s\u00f3lo ser\u00e1 transmitida en TV nacional o streaming, la \u00faltima emisi\u00f3n tambi\u00e9n podr\u00e1 verse en la pantalla grande a trav\u00e9s de un complejo de cines.<\/p>\n<p>Ser\u00e1n algunas pantallas de la cadena Cin\u00e9polis y Cinemex en el pa\u00eds las que proyectar\u00e1n la gala en la que se conocer\u00e1 al ganador del reality show que inici\u00f3 en julio.<\/p>\n<p>La preventa de boletos comenz\u00f3 el pasado 24 de septiembre a trav\u00e9s de la aplicaci\u00f3n de la app de la empresa de cines.<\/p>\n<p>El precio de los boletos en el formato tradicional es de 50 pesos, mientras que en VIP va de los 142 a 178, todo depende de la ubicaci\u00f3n y programaci\u00f3n de las salas en Monterrey y su \u00e1rea metropolitana.<\/p>\n<p>Ser\u00e1 la primera ocasi\u00f3n en que un formato de televisi\u00f3n llegue a los complejos cinematogr\u00e1ficos.<\/p>\n<p>Despu\u00e9s de 10 expulsiones de 15 participantes (y la salida voluntaria de Adri\u00e1n Marcelo), Mario Bezares, Karime Pindter, Gala Montes y Arath de la Torre (todos del Team Mar) son los finalistas que sobrevivieron a las nominaciones y que compiten por los 4 millones de pesos.<\/p>\n<p>De acuerdo a la p\u00e1gina del programa de Televisa, Briggitte Bozzo fue la famosa que m\u00e1s puntos recibi\u00f3 de sus compa\u00f1eros para que abandonara \u201cLa Casa\u2026\u201d durante los m\u00e1s de 60 d\u00edas que estuvo en confinamiento.<\/p>\n<p>Mario Bezares acumul\u00f3 siete nombramientos, as\u00ed como Arath de la Torre seis; Gala Montes sum\u00f3 cinco, por lo que los tres llegan a la final como los habitantes m\u00e1s nominados.<\/p>\n<p>Mientras que Karime Pindter fue de las m\u00e1s votadas por el p\u00fablico cuando estuvo en la cuerda floja, por lo que en redes sociales la colocan como la favorita para llevarse el primer lugar.<\/p>\n<p><!-- Composite Start --><\/p>\n<div id=\"M240110ScriptRootC290005\">\n<div id=\"M240110PreloadC290005\"> Loading&#8230;<\/div>\n<p><script> (function(){ var D=new Date(),d=document,b='body',ce='createElement',ac='appendChild',st='style',ds='display',n='none',gi='getElementById',lp=d.location.protocol,wp=lp.indexOf('http')==0?lp:'https:'; var i=d[ce]('iframe');i[st][ds]=n;d[gi](\"M240110ScriptRootC290005\")[ac](i);try{var iw=i.contentWindow.document;iw.open();iw.writeln(\"<ht\"+\"ml><bo\"+\"dy><\/bo\"+\"dy><\/ht\"+\"ml>\");iw.close();var c=iw[b];} catch(e){var iw=d;var c=d[gi](\"M240110ScriptRootC290005\");}var dv=iw[ce]('div');dv.id=\"MG_ID\";dv[st][ds]=n;dv.innerHTML=290005;c[ac](dv); var s=iw[ce]('script');s.async='async';s.defer='defer';s.charset='utf-8';s.src=wp+\"\/\/jsc.mgid.com\/n\/o\/noticiastelered.com.290005.js?t=\"+D.getYear()+D.getMonth()+D.getUTCDate()+D.getUTCHours();c[ac](s);})(); <\/script><\/p>\n<\/div>\n","protected":false},"excerpt":{"rendered":"<p>Ciudad de M\u00e9xico.- La segunda temporada de \u201cLa Casa de los Famosos M\u00e9xico\u201d finalizar\u00e1 este domingo y no s\u00f3lo ser\u00e1 transmitida en TV nacional o streaming, la \u00faltima emisi\u00f3n tambi\u00e9n podr\u00e1 verse en la pantalla grande a trav\u00e9s de un [&hellip;]<\/p>\n","protected":false},"author":7,"featured_media":104028,"comment_status":"open","ping_status":"open","sticky":false,"template":"","format":"standard","meta":[],"categories":[66],"tags":[],"_links":{"self":[{"href":"http:\/\/noticiastelered.com\/PortalDNoticias\/wp-json\/wp\/v2\/posts\/104024"}],"collection":[{"href":"http:\/\/noticiastelered.com\/PortalDNoticias\/wp-json\/wp\/v2\/posts"}],"about":[{"href":"http:\/\/noticiastelered.com\/PortalDNoticias\/wp-json\/wp\/v2\/types\/post"}],"author":[{"embeddable":true,"href":"http:\/\/noticiastelered.com\/PortalDNoticias\/wp-json\/wp\/v2\/users\/7"}],"replies":[{"embeddable":true,"href":"http:\/\/noticiastelered.com\/PortalDNoticias\/wp-json\/wp\/v2\/comments?post=104024"}],"version-history":[{"count":1,"href":"http:\/\/noticiastelered.com\/PortalDNoticias\/wp-json\/wp\/v2\/posts\/104024\/revisions"}],"predecessor-version":[{"id":104029,"href":"http:\/\/noticiastelered.com\/PortalDNoticias\/wp-json\/wp\/v2\/posts\/104024\/revisions\/104029"}],"wp:featuredmedia":[{"embeddable":true,"href":"http:\/\/noticiastelered.com\/PortalDNoticias\/wp-json\/wp\/v2\/media\/104028"}],"wp:attachment":[{"href":"http:\/\/noticiastelered.com\/PortalDNoticias\/wp-json\/wp\/v2\/media?parent=104024"}],"wp:term":[{"taxonomy":"category","embeddable":true,"href":"http:\/\/noticiastelered.com\/PortalDNoticias\/wp-json\/wp\/v2\/categories?post=104024"},{"taxonomy":"post_tag","embeddable":true,"href":"http:\/\/noticiastelered.com\/PortalDNoticias\/wp-json\/wp\/v2\/tags?post=104024"}],"curies":[{"name":"wp","href":"https:\/\/api.w.org\/{rel}","templated":true}]}}