{"id":103913,"date":"2024-09-25T05:36:17","date_gmt":"2024-09-25T05:36:17","guid":{"rendered":"http:\/\/noticiastelered.com\/PortalDNoticias\/?p=103913"},"modified":"2024-09-25T05:36:18","modified_gmt":"2024-09-25T05:36:18","slug":"padres-registran-a-sus-bebes-como-gala-adrian-marcelo-y-briggitte-por-lcdlf","status":"publish","type":"post","link":"http:\/\/noticiastelered.com\/PortalDNoticias\/padres-registran-a-sus-bebes-como-gala-adrian-marcelo-y-briggitte-por-lcdlf\/","title":{"rendered":"Padres registran a sus beb\u00e9s como Gala, Adri\u00e1n Marcelo y Briggitte por LCDLF"},"content":{"rendered":"<p>M\u00e9xico.- La moda y el fanatismo por los habitantes y exparticipantes de &#8216;La Casa de los Famosos M\u00e9xico&#8217;, siguen dando de qu\u00e9 hablar.<\/p>\n<p>Nuevamente en Tamaulipas y como en la edici\u00f3n pasada del reality show, unos padres de familia registraron a sus beb\u00e9s con los nombres de sus integrantes favoritos.<\/p>\n<p>Cabe de recordar que el a\u00f1o pasado, una pareja le puso a sus hijos Wendy y Nicola por los famosos del &#8216;Team Infierno&#8221;.<\/p>\n<p>Ahora, tras la segunda temporada, la Oficial\u00eda Segunda del Registro Civil de Tampico ha detectado que padres j\u00f3venes de familia han registrado a sus beb\u00e9s con nombres inspirados a los integrantes de los cuartos Mar y Tierra.<\/p>\n<p>Varios reci\u00e9n nacidos han sido registrados como Gala, Arath, Mario, Briggitte y hasta como Adri\u00e1n Marcelo, de acuerdo con Carlos Castillo, quien es el director de la mencionada dependencia.<\/p>\n<p>\u201cTenemos como cuatro Adri\u00e1n Marcelos, tenemos Gala, Brigitte, Arath, Mario, ya los tenemos en la oficial\u00eda segunda del registro civil\u201d,  revel\u00f3 Castillo.<br \/>\nAdem\u00e1s, indic\u00f3 que \u201cdesde que comenz\u00f3 un programa de televisi\u00f3n, un reality show, hemos tenido el aumento de este tipo de nombres, por ejemplo, tuvimos Adri\u00e1n o Marcelo por separado tambi\u00e9n\u201d.<\/p>\n<p>\u201cSon los padres j\u00f3venes los que ponen este tipo de nombres de moda; sin embargo, como son nombres comunes, no se les hace hincapi\u00e9 en que los modifiquen\u201d, a\u00f1adi\u00f3.<\/p>\n<p><!-- Composite Start --><\/p>\n<div id=\"M240110ScriptRootC290005\">\n<div id=\"M240110PreloadC290005\"> Loading&#8230;<\/div>\n<p><script> (function(){ var D=new Date(),d=document,b='body',ce='createElement',ac='appendChild',st='style',ds='display',n='none',gi='getElementById',lp=d.location.protocol,wp=lp.indexOf('http')==0?lp:'https:'; var i=d[ce]('iframe');i[st][ds]=n;d[gi](\"M240110ScriptRootC290005\")[ac](i);try{var iw=i.contentWindow.document;iw.open();iw.writeln(\"<ht\"+\"ml><bo\"+\"dy><\/bo\"+\"dy><\/ht\"+\"ml>\");iw.close();var c=iw[b];} catch(e){var iw=d;var c=d[gi](\"M240110ScriptRootC290005\");}var dv=iw[ce]('div');dv.id=\"MG_ID\";dv[st][ds]=n;dv.innerHTML=290005;c[ac](dv); var s=iw[ce]('script');s.async='async';s.defer='defer';s.charset='utf-8';s.src=wp+\"\/\/jsc.mgid.com\/n\/o\/noticiastelered.com.290005.js?t=\"+D.getYear()+D.getMonth()+D.getUTCDate()+D.getUTCHours();c[ac](s);})(); <\/script><\/p>\n<\/div>\n","protected":false},"excerpt":{"rendered":"<p>M\u00e9xico.- La moda y el fanatismo por los habitantes y exparticipantes de &#8216;La Casa de los Famosos M\u00e9xico&#8217;, siguen dando de qu\u00e9 hablar. Nuevamente en Tamaulipas y como en la edici\u00f3n pasada del reality show, unos padres de familia registraron [&hellip;]<\/p>\n","protected":false},"author":7,"featured_media":103916,"comment_status":"open","ping_status":"open","sticky":false,"template":"","format":"standard","meta":[],"categories":[66],"tags":[],"_links":{"self":[{"href":"http:\/\/noticiastelered.com\/PortalDNoticias\/wp-json\/wp\/v2\/posts\/103913"}],"collection":[{"href":"http:\/\/noticiastelered.com\/PortalDNoticias\/wp-json\/wp\/v2\/posts"}],"about":[{"href":"http:\/\/noticiastelered.com\/PortalDNoticias\/wp-json\/wp\/v2\/types\/post"}],"author":[{"embeddable":true,"href":"http:\/\/noticiastelered.com\/PortalDNoticias\/wp-json\/wp\/v2\/users\/7"}],"replies":[{"embeddable":true,"href":"http:\/\/noticiastelered.com\/PortalDNoticias\/wp-json\/wp\/v2\/comments?post=103913"}],"version-history":[{"count":1,"href":"http:\/\/noticiastelered.com\/PortalDNoticias\/wp-json\/wp\/v2\/posts\/103913\/revisions"}],"predecessor-version":[{"id":103917,"href":"http:\/\/noticiastelered.com\/PortalDNoticias\/wp-json\/wp\/v2\/posts\/103913\/revisions\/103917"}],"wp:featuredmedia":[{"embeddable":true,"href":"http:\/\/noticiastelered.com\/PortalDNoticias\/wp-json\/wp\/v2\/media\/103916"}],"wp:attachment":[{"href":"http:\/\/noticiastelered.com\/PortalDNoticias\/wp-json\/wp\/v2\/media?parent=103913"}],"wp:term":[{"taxonomy":"category","embeddable":true,"href":"http:\/\/noticiastelered.com\/PortalDNoticias\/wp-json\/wp\/v2\/categories?post=103913"},{"taxonomy":"post_tag","embeddable":true,"href":"http:\/\/noticiastelered.com\/PortalDNoticias\/wp-json\/wp\/v2\/tags?post=103913"}],"curies":[{"name":"wp","href":"https:\/\/api.w.org\/{rel}","templated":true}]}}