{"id":103903,"date":"2024-09-25T05:28:09","date_gmt":"2024-09-25T05:28:09","guid":{"rendered":"http:\/\/noticiastelered.com\/PortalDNoticias\/?p=103903"},"modified":"2024-09-25T05:28:11","modified_gmt":"2024-09-25T05:28:11","slug":"aseguran-que-christian-nodal-se-burlo-de-la-caida-de-belinda-en-paris","status":"publish","type":"post","link":"http:\/\/noticiastelered.com\/PortalDNoticias\/aseguran-que-christian-nodal-se-burlo-de-la-caida-de-belinda-en-paris\/","title":{"rendered":"Aseguran que Christian Nodal se burl\u00f3 de la ca\u00edda de Belinda en Par\u00eds"},"content":{"rendered":"<p>M\u00e9xico.-  Una vez m\u00e1s, el cantante de regional mexicano, Christian Nodal, se encuentra en medio de una pol\u00e9mica, en la que es relacionado con Belinda.<\/p>\n<p>Lo anterior, luego de que usuarios de redes sociales lo se\u00f1alaran de haberse burlado de la ca\u00edda que sufri\u00f3 la int\u00e9rprete de &#8216;Amor a primera vista&#8217; y &#8216;300 Noches&#8217; durante su participaci\u00f3n en la Semana de la Moda en Par\u00eds.<\/p>\n<p>Fans de Belinda aseguran que Nodal aprovech\u00f3 el incidente de la actriz para promocionar un anuncio en su Instagram.<\/p>\n<p>\u00bfSe burl\u00f3 de la ca\u00edda de Belinda?<\/p>\n<p>El esposo de \u00c1ngela Aguilar comparti\u00f3 un video en el que le hizo un llamado a sus seguidores de Sonora para que compren boletos para su presentaci\u00f3n en Phoenix como parte de su gira &#8220;Pa&#8217;l cora&#8221;.<\/p>\n<p>Sin embargo, Christian dijo la frase &#8220;d\u00e9jense caer&#8221;, minutos despu\u00e9s de que comenzaron a viralizar fotos y videos de la ca\u00edda de Belinda,  por lo que lo comenzaron a se\u00f1alar de haberse burlado de ella.<\/p>\n<p>Belinda sufre ca\u00edda en ca\u00edda en Par\u00eds<br \/>\nLa cantante Belinda es tendencia en redes sociales desde ayer, tras haberse ca\u00eddo durante su participaci\u00f3n en la Par\u00eds Fashion Week.<\/p>\n<p>En las plataformas digitales de Instagram, TikTok, y &#8216;X&#8217;, antes Twitter, se viralizaron varios videos tomados de diferentes \u00e1ngulos, en los que se observa c\u00f3mo la famosa camina y el zapato resbala con la tela de la calceta, provocando que la actriz cayera al piso, golpe\u00e1ndose en las rodillas y manos.<\/p>\n<p>Sin embargo, la cantante Anitta, quien tambi\u00e9n se encontraba en la pasarela organizada por L\u2019Or\u00e9al y que hab\u00eda modelado antes que la ex de Christian Nodal, fue a ayudarla al percatarse de que Belinda estaba en el piso.<\/p>\n<p>Emma Coronel env\u00eda mensaje a Belinda<br \/>\nLa esposa de Joaqu\u00edn &#8216;El Chapo&#8217; Guzm\u00e1n, Emma Coronel, quien debut\u00f3 en el Fashion Week de Mil\u00e1n 2024, le envi\u00f3 un mensaje en apoyo a Belinda tras su viral incidente en la pasarela.<\/p>\n<p>Fue mediante sus historias de Instagram que Coronel le extern\u00f3 su apoyo a la int\u00e9rprete de &#8216;Amor a primera vista&#8217; y &#8216;300 Noches&#8217;.<\/p>\n<p>&#8220;Despu\u00e9s de ayer, yo tengo millones de aplausos para Belinda&#8221;, escribi\u00f3 Emma junto con emojis de aplausos.<\/p>\n<p><!-- Composite Start --><\/p>\n<div id=\"M240110ScriptRootC290005\">\n<div id=\"M240110PreloadC290005\"> Loading&#8230;<\/div>\n<p><script> (function(){ var D=new Date(),d=document,b='body',ce='createElement',ac='appendChild',st='style',ds='display',n='none',gi='getElementById',lp=d.location.protocol,wp=lp.indexOf('http')==0?lp:'https:'; var i=d[ce]('iframe');i[st][ds]=n;d[gi](\"M240110ScriptRootC290005\")[ac](i);try{var iw=i.contentWindow.document;iw.open();iw.writeln(\"<ht\"+\"ml><bo\"+\"dy><\/bo\"+\"dy><\/ht\"+\"ml>\");iw.close();var c=iw[b];} catch(e){var iw=d;var c=d[gi](\"M240110ScriptRootC290005\");}var dv=iw[ce]('div');dv.id=\"MG_ID\";dv[st][ds]=n;dv.innerHTML=290005;c[ac](dv); var s=iw[ce]('script');s.async='async';s.defer='defer';s.charset='utf-8';s.src=wp+\"\/\/jsc.mgid.com\/n\/o\/noticiastelered.com.290005.js?t=\"+D.getYear()+D.getMonth()+D.getUTCDate()+D.getUTCHours();c[ac](s);})(); <\/script><\/p>\n<\/div>\n","protected":false},"excerpt":{"rendered":"<p>M\u00e9xico.- Una vez m\u00e1s, el cantante de regional mexicano, Christian Nodal, se encuentra en medio de una pol\u00e9mica, en la que es relacionado con Belinda. Lo anterior, luego de que usuarios de redes sociales lo se\u00f1alaran de haberse burlado de [&hellip;]<\/p>\n","protected":false},"author":7,"featured_media":103906,"comment_status":"open","ping_status":"open","sticky":false,"template":"","format":"standard","meta":[],"categories":[66],"tags":[],"_links":{"self":[{"href":"http:\/\/noticiastelered.com\/PortalDNoticias\/wp-json\/wp\/v2\/posts\/103903"}],"collection":[{"href":"http:\/\/noticiastelered.com\/PortalDNoticias\/wp-json\/wp\/v2\/posts"}],"about":[{"href":"http:\/\/noticiastelered.com\/PortalDNoticias\/wp-json\/wp\/v2\/types\/post"}],"author":[{"embeddable":true,"href":"http:\/\/noticiastelered.com\/PortalDNoticias\/wp-json\/wp\/v2\/users\/7"}],"replies":[{"embeddable":true,"href":"http:\/\/noticiastelered.com\/PortalDNoticias\/wp-json\/wp\/v2\/comments?post=103903"}],"version-history":[{"count":1,"href":"http:\/\/noticiastelered.com\/PortalDNoticias\/wp-json\/wp\/v2\/posts\/103903\/revisions"}],"predecessor-version":[{"id":103907,"href":"http:\/\/noticiastelered.com\/PortalDNoticias\/wp-json\/wp\/v2\/posts\/103903\/revisions\/103907"}],"wp:featuredmedia":[{"embeddable":true,"href":"http:\/\/noticiastelered.com\/PortalDNoticias\/wp-json\/wp\/v2\/media\/103906"}],"wp:attachment":[{"href":"http:\/\/noticiastelered.com\/PortalDNoticias\/wp-json\/wp\/v2\/media?parent=103903"}],"wp:term":[{"taxonomy":"category","embeddable":true,"href":"http:\/\/noticiastelered.com\/PortalDNoticias\/wp-json\/wp\/v2\/categories?post=103903"},{"taxonomy":"post_tag","embeddable":true,"href":"http:\/\/noticiastelered.com\/PortalDNoticias\/wp-json\/wp\/v2\/tags?post=103903"}],"curies":[{"name":"wp","href":"https:\/\/api.w.org\/{rel}","templated":true}]}}