{"id":103881,"date":"2024-09-25T05:11:54","date_gmt":"2024-09-25T05:11:54","guid":{"rendered":"http:\/\/noticiastelered.com\/PortalDNoticias\/?p=103881"},"modified":"2024-09-25T05:11:56","modified_gmt":"2024-09-25T05:11:56","slug":"luis-donaldo-colosio-se-pronuncia-en-contra-de-la-reforma-a-la-guardia-nacional","status":"publish","type":"post","link":"http:\/\/noticiastelered.com\/PortalDNoticias\/luis-donaldo-colosio-se-pronuncia-en-contra-de-la-reforma-a-la-guardia-nacional\/","title":{"rendered":"Luis Donaldo Colosio se pronuncia en contra de la reforma a la Guardia Nacional"},"content":{"rendered":"<p>Ciudad de M\u00e9xico.- El senador de Movimiento Ciudadano, Luis Donaldo Colosio Riojas, dijo estar en contra de la reforma que busca militarizar a la Guardia Nacional y pidi\u00f3 que se priorice un enfoque municipalista para fortalecer a las polic\u00edas locales y as\u00ed atender los problemas de seguridad p\u00fablica de M\u00e9xico.<\/p>\n<p>Riojas expres\u00f3 su descontento con esta reforma constitucional que busca incorporar a la Guardia Nacional con la Secretar\u00eda de la Defensa Nacional (Sedena) y con esto, las Fuerzas Armadas podr\u00e1n intervenir en asuntos civiles.<\/p>\n<p>\u201cLo que es urgentemente necesario es la actuaci\u00f3n correcta de las polic\u00edas locales, pero para eso hace falta invertir desde lo local, no reformar desde lo constitucional.<\/p>\n<p>\u201cTrabajar en la prevenci\u00f3n de delitos, tener polic\u00edas capacitados, profesionalizados, fortaleciendo sus capacidades de investigaci\u00f3n, fomentando el uso de tecnolog\u00edas para la vigilancia y as\u00ed lograr disminuir las incidencias delictivas en nuestros pueblos y ciudades es la tarea que se tiene que hacer\u201d, expres\u00f3 Riojas.<\/p>\n<p>A nombre de su partido, Colosio Riojas dijo que en \u00e9l no se est\u00e1 &#8220;de acuerdo con las soluciones que pretenden implementar con esta reforma. No es correcto seguir abusando de nuestras Fuerzas Armadas y adem\u00e1s en extremo perjuicio para el rescate de la seguridad ciudadana\u201d, asegur\u00f3.<\/p>\n<p>El legislador expres\u00f3 su inconformidad con la reforma y asegur\u00f3 que el voto de Movimiento Ciudadano ser\u00e1 en contra, ya que esto no garantiza seguridad para los ciudadanos, adem\u00e1s de que, ponerles todo el trabajo a los militares es injusto.<\/p>\n<p>\u201cNuestro voto ser\u00e1 en contra porque no vamos a normalizar con una reforma a la Constituci\u00f3n que otra generaci\u00f3n m\u00e1s de ni\u00f1as y ni\u00f1os vivan el paisaje de las calles con militares todo el tiempo. Porque se\u00f1alar y culpar a nuestras polic\u00edas locales de la situaci\u00f3n actual es un acto hip\u00f3crita y cobarde.<\/p>\n<p>Y porque adem\u00e1s responsabilizar ahora a los militares de la seguridad total de cada pueblo de M\u00e9xico es tambi\u00e9n excesivo e injusto. Porque la seguridad civil en M\u00e9xico merece estar en manos de las y los civiles de M\u00e9xico\u201d, asegur\u00f3 el emecista.<\/p>\n<p><!-- Composite Start --><\/p>\n<div id=\"M240110ScriptRootC290005\">\n<div id=\"M240110PreloadC290005\"> Loading&#8230;<\/div>\n<p><script> (function(){ var D=new Date(),d=document,b='body',ce='createElement',ac='appendChild',st='style',ds='display',n='none',gi='getElementById',lp=d.location.protocol,wp=lp.indexOf('http')==0?lp:'https:'; var i=d[ce]('iframe');i[st][ds]=n;d[gi](\"M240110ScriptRootC290005\")[ac](i);try{var iw=i.contentWindow.document;iw.open();iw.writeln(\"<ht\"+\"ml><bo\"+\"dy><\/bo\"+\"dy><\/ht\"+\"ml>\");iw.close();var c=iw[b];} catch(e){var iw=d;var c=d[gi](\"M240110ScriptRootC290005\");}var dv=iw[ce]('div');dv.id=\"MG_ID\";dv[st][ds]=n;dv.innerHTML=290005;c[ac](dv); var s=iw[ce]('script');s.async='async';s.defer='defer';s.charset='utf-8';s.src=wp+\"\/\/jsc.mgid.com\/n\/o\/noticiastelered.com.290005.js?t=\"+D.getYear()+D.getMonth()+D.getUTCDate()+D.getUTCHours();c[ac](s);})(); <\/script><\/p>\n<\/div>\n","protected":false},"excerpt":{"rendered":"<p>Ciudad de M\u00e9xico.- El senador de Movimiento Ciudadano, Luis Donaldo Colosio Riojas, dijo estar en contra de la reforma que busca militarizar a la Guardia Nacional y pidi\u00f3 que se priorice un enfoque municipalista para fortalecer a las polic\u00edas locales [&hellip;]<\/p>\n","protected":false},"author":7,"featured_media":103885,"comment_status":"open","ping_status":"open","sticky":false,"template":"","format":"standard","meta":[],"categories":[60],"tags":[],"_links":{"self":[{"href":"http:\/\/noticiastelered.com\/PortalDNoticias\/wp-json\/wp\/v2\/posts\/103881"}],"collection":[{"href":"http:\/\/noticiastelered.com\/PortalDNoticias\/wp-json\/wp\/v2\/posts"}],"about":[{"href":"http:\/\/noticiastelered.com\/PortalDNoticias\/wp-json\/wp\/v2\/types\/post"}],"author":[{"embeddable":true,"href":"http:\/\/noticiastelered.com\/PortalDNoticias\/wp-json\/wp\/v2\/users\/7"}],"replies":[{"embeddable":true,"href":"http:\/\/noticiastelered.com\/PortalDNoticias\/wp-json\/wp\/v2\/comments?post=103881"}],"version-history":[{"count":1,"href":"http:\/\/noticiastelered.com\/PortalDNoticias\/wp-json\/wp\/v2\/posts\/103881\/revisions"}],"predecessor-version":[{"id":103886,"href":"http:\/\/noticiastelered.com\/PortalDNoticias\/wp-json\/wp\/v2\/posts\/103881\/revisions\/103886"}],"wp:featuredmedia":[{"embeddable":true,"href":"http:\/\/noticiastelered.com\/PortalDNoticias\/wp-json\/wp\/v2\/media\/103885"}],"wp:attachment":[{"href":"http:\/\/noticiastelered.com\/PortalDNoticias\/wp-json\/wp\/v2\/media?parent=103881"}],"wp:term":[{"taxonomy":"category","embeddable":true,"href":"http:\/\/noticiastelered.com\/PortalDNoticias\/wp-json\/wp\/v2\/categories?post=103881"},{"taxonomy":"post_tag","embeddable":true,"href":"http:\/\/noticiastelered.com\/PortalDNoticias\/wp-json\/wp\/v2\/tags?post=103881"}],"curies":[{"name":"wp","href":"https:\/\/api.w.org\/{rel}","templated":true}]}}