{"id":103871,"date":"2024-09-25T05:04:41","date_gmt":"2024-09-25T05:04:41","guid":{"rendered":"http:\/\/noticiastelered.com\/PortalDNoticias\/?p=103871"},"modified":"2024-09-25T05:04:42","modified_gmt":"2024-09-25T05:04:42","slug":"matan-a-papa-cuando-intentaba-proteger-a-su-hija-en-sinaloa-pensaron-que-era-sicario","status":"publish","type":"post","link":"http:\/\/noticiastelered.com\/PortalDNoticias\/matan-a-papa-cuando-intentaba-proteger-a-su-hija-en-sinaloa-pensaron-que-era-sicario\/","title":{"rendered":"Matan a pap\u00e1 cuando intentaba proteger a su hija en Sinaloa; pensaron que era sicario"},"content":{"rendered":"<p>Culiac\u00e1n. &#8211;  La familia de Juan Carlos S\u00e1nchez Palacios pide justicia por la muerte del hombre quien falleci\u00f3 en un enfrentamiento cruzado entre civiles armados y el Ej\u00e9rcito Mexicano en Sinaloa.<\/p>\n<p>Juan Carlos fue alcanzado por las balas cuando intent\u00f3 rescatar a su esposa e hija, el s\u00e1bado 21 de septiembre en el sector Tres R\u00edos.<\/p>\n<p>Ese d\u00eda pistoleros atacaron a balazos a la polic\u00eda municipal de Culiac\u00e1n lo cual gener\u00f3 la movilizaci\u00f3n de las tres \u00f3rdenes de Gobierno.<\/p>\n<p>\u201cLas fuerzas de seguridad (\u2026) redujeron a 3 de los civiles agresores y realizaron la detenci\u00f3n de otro. Dos elementos del Ej\u00e9rcito Mexicano resultaron heridos\u201d, escribi\u00f3 tras los hechos ek gobernador de Sinaloa, Rub\u00e9n Rocha Moya.<\/p>\n<p>Sin embargo, entre esas v\u00edctimas se encontraba Juan Carlos, quien era trabajador de confianza en la Direcci\u00f3n de Defensa Jur\u00eddica del municipio, y no un pistolero, como lo dijo el mandatario estatal.<\/p>\n<p>Tras las m\u00faltiples publicaciones, Rocha Moya se\u00f1al\u00f3 que la muerte de Juan Carlos podr\u00eda tratarse de \u201cda\u00f1o colateral\u201d.<\/p>\n<p>\u201cSe presume ya con elementos que es una persona de la sociedad, es lo que se ha argumentado en algunos medios, es que podr\u00eda ser un caso de da\u00f1o colateral\u201d.<\/p>\n<p><!-- Composite Start --><\/p>\n<div id=\"M240110ScriptRootC290005\">\n<div id=\"M240110PreloadC290005\"> Loading&#8230;<\/div>\n<p><script> (function(){ var D=new Date(),d=document,b='body',ce='createElement',ac='appendChild',st='style',ds='display',n='none',gi='getElementById',lp=d.location.protocol,wp=lp.indexOf('http')==0?lp:'https:'; var i=d[ce]('iframe');i[st][ds]=n;d[gi](\"M240110ScriptRootC290005\")[ac](i);try{var iw=i.contentWindow.document;iw.open();iw.writeln(\"<ht\"+\"ml><bo\"+\"dy><\/bo\"+\"dy><\/ht\"+\"ml>\");iw.close();var c=iw[b];} catch(e){var iw=d;var c=d[gi](\"M240110ScriptRootC290005\");}var dv=iw[ce]('div');dv.id=\"MG_ID\";dv[st][ds]=n;dv.innerHTML=290005;c[ac](dv); var s=iw[ce]('script');s.async='async';s.defer='defer';s.charset='utf-8';s.src=wp+\"\/\/jsc.mgid.com\/n\/o\/noticiastelered.com.290005.js?t=\"+D.getYear()+D.getMonth()+D.getUTCDate()+D.getUTCHours();c[ac](s);})(); <\/script><\/p>\n<\/div>\n","protected":false},"excerpt":{"rendered":"<p>Culiac\u00e1n. &#8211; La familia de Juan Carlos S\u00e1nchez Palacios pide justicia por la muerte del hombre quien falleci\u00f3 en un enfrentamiento cruzado entre civiles armados y el Ej\u00e9rcito Mexicano en Sinaloa. Juan Carlos fue alcanzado por las balas cuando intent\u00f3 [&hellip;]<\/p>\n","protected":false},"author":7,"featured_media":103874,"comment_status":"open","ping_status":"open","sticky":false,"template":"","format":"standard","meta":[],"categories":[60],"tags":[],"_links":{"self":[{"href":"http:\/\/noticiastelered.com\/PortalDNoticias\/wp-json\/wp\/v2\/posts\/103871"}],"collection":[{"href":"http:\/\/noticiastelered.com\/PortalDNoticias\/wp-json\/wp\/v2\/posts"}],"about":[{"href":"http:\/\/noticiastelered.com\/PortalDNoticias\/wp-json\/wp\/v2\/types\/post"}],"author":[{"embeddable":true,"href":"http:\/\/noticiastelered.com\/PortalDNoticias\/wp-json\/wp\/v2\/users\/7"}],"replies":[{"embeddable":true,"href":"http:\/\/noticiastelered.com\/PortalDNoticias\/wp-json\/wp\/v2\/comments?post=103871"}],"version-history":[{"count":1,"href":"http:\/\/noticiastelered.com\/PortalDNoticias\/wp-json\/wp\/v2\/posts\/103871\/revisions"}],"predecessor-version":[{"id":103875,"href":"http:\/\/noticiastelered.com\/PortalDNoticias\/wp-json\/wp\/v2\/posts\/103871\/revisions\/103875"}],"wp:featuredmedia":[{"embeddable":true,"href":"http:\/\/noticiastelered.com\/PortalDNoticias\/wp-json\/wp\/v2\/media\/103874"}],"wp:attachment":[{"href":"http:\/\/noticiastelered.com\/PortalDNoticias\/wp-json\/wp\/v2\/media?parent=103871"}],"wp:term":[{"taxonomy":"category","embeddable":true,"href":"http:\/\/noticiastelered.com\/PortalDNoticias\/wp-json\/wp\/v2\/categories?post=103871"},{"taxonomy":"post_tag","embeddable":true,"href":"http:\/\/noticiastelered.com\/PortalDNoticias\/wp-json\/wp\/v2\/tags?post=103871"}],"curies":[{"name":"wp","href":"https:\/\/api.w.org\/{rel}","templated":true}]}}