{"id":103866,"date":"2024-09-25T04:59:49","date_gmt":"2024-09-25T04:59:49","guid":{"rendered":"http:\/\/noticiastelered.com\/PortalDNoticias\/?p=103866"},"modified":"2024-09-25T04:59:50","modified_gmt":"2024-09-25T04:59:50","slug":"aumento-anual-del-salario-minimo-sera-encima-de-la-inflacion","status":"publish","type":"post","link":"http:\/\/noticiastelered.com\/PortalDNoticias\/aumento-anual-del-salario-minimo-sera-encima-de-la-inflacion\/","title":{"rendered":"Aumento anual del salario m\u00ednimo ser\u00e1 encima de la inflaci\u00f3n"},"content":{"rendered":"<p>Ciudad de M\u00e9xico.- Con 478 votos a favor, cero en contra y cero abstenciones la C\u00e1mara de Diputados, aprob\u00f3 el dictamen que establece que el aumento anual del salario m\u00ednimo est\u00e9 por encima de la inflaci\u00f3n.<\/p>\n<p>Este dictamen fue aprobado en lo general y en lo particular por las y los diputados. Con esto &#8220;se reforma el primer p\u00e1rrafo de la fracci\u00f3n VI del apartado A, y se adiciona un tercer p\u00e1rrafo a la fracci\u00f3n IV del apartado B del art\u00edculo 123 de la Constituci\u00f3n Pol\u00edtica de los Estados Unidos Mexicanos en materia de salarios&#8221;, inform\u00f3 la C\u00e1mara de Diputados.<\/p>\n<p>De acuerdo con la agencia de noticias EFE, esta reforma tambi\u00e9n estipula que docentes del nivel b\u00e1sico en el sector p\u00fablico, polic\u00edas, elementos de la Guardia Nacional, integrantes de las Fuerzas Armadas, m\u00e9dicos y enfermeros no podr\u00e1n tener una remuneraci\u00f3n menor al salario promedio registrado ante el Instituto Mexicano del Seguro Social (IMSS).<\/p>\n<p>Se menciona que el salario promedio mensual para estos \u00faltimos trabajadores ser\u00e1 por ahora de 16.777.78 pesos, registrado al cierre de 2023 y actualizado con la inflaci\u00f3n estimada para 2024. Este monto se actualizar\u00e1 el 1 de enero de cada a\u00f1o, de acuerdo con la inflaci\u00f3n anual registrada, precisa el documento.<\/p>\n<p>El l\u00edder de la mayor\u00eda oficialista en la C\u00e1mara baja el Congreso, el diputado de Morena, Ricardo Monreal calific\u00f3 la iniciativa como una \u201creforma extraordinaria\u201d.<\/p>\n<p>\u201cHa sido una lucha hist\u00f3rica de todos los trabajadores de M\u00e9xico, y hoy vamos a darle, en la C\u00e1mara de Diputados, vida a esta propuesta del presidente L\u00f3pez Obrador\u201d, dijo.<\/p>\n<p>Esta reforma es parte de las \u00faltimas 20 reformas constitucionales que envi\u00f3 el presidente L\u00f3pez Obrador el 5 de febrero pasado y se suma a los 15 cambios laborales en pro de los trabajadores en su sexenio (2018-2024), entre las que destacan reformas para eliminar la tercerizaci\u00f3n, la libre sindicalizaci\u00f3n y renegociaci\u00f3n colectiva, la creaci\u00f3n de un fondo de pensiones, entre otras.<\/p>\n<p><!-- Composite Start --><\/p>\n<div id=\"M240110ScriptRootC290005\">\n<div id=\"M240110PreloadC290005\"> Loading&#8230;<\/div>\n<p><script> (function(){ var D=new Date(),d=document,b='body',ce='createElement',ac='appendChild',st='style',ds='display',n='none',gi='getElementById',lp=d.location.protocol,wp=lp.indexOf('http')==0?lp:'https:'; var i=d[ce]('iframe');i[st][ds]=n;d[gi](\"M240110ScriptRootC290005\")[ac](i);try{var iw=i.contentWindow.document;iw.open();iw.writeln(\"<ht\"+\"ml><bo\"+\"dy><\/bo\"+\"dy><\/ht\"+\"ml>\");iw.close();var c=iw[b];} catch(e){var iw=d;var c=d[gi](\"M240110ScriptRootC290005\");}var dv=iw[ce]('div');dv.id=\"MG_ID\";dv[st][ds]=n;dv.innerHTML=290005;c[ac](dv); var s=iw[ce]('script');s.async='async';s.defer='defer';s.charset='utf-8';s.src=wp+\"\/\/jsc.mgid.com\/n\/o\/noticiastelered.com.290005.js?t=\"+D.getYear()+D.getMonth()+D.getUTCDate()+D.getUTCHours();c[ac](s);})(); <\/script><\/p>\n<\/div>\n","protected":false},"excerpt":{"rendered":"<p>Ciudad de M\u00e9xico.- Con 478 votos a favor, cero en contra y cero abstenciones la C\u00e1mara de Diputados, aprob\u00f3 el dictamen que establece que el aumento anual del salario m\u00ednimo est\u00e9 por encima de la inflaci\u00f3n. Este dictamen fue aprobado [&hellip;]<\/p>\n","protected":false},"author":7,"featured_media":103869,"comment_status":"open","ping_status":"open","sticky":false,"template":"","format":"standard","meta":[],"categories":[60],"tags":[],"_links":{"self":[{"href":"http:\/\/noticiastelered.com\/PortalDNoticias\/wp-json\/wp\/v2\/posts\/103866"}],"collection":[{"href":"http:\/\/noticiastelered.com\/PortalDNoticias\/wp-json\/wp\/v2\/posts"}],"about":[{"href":"http:\/\/noticiastelered.com\/PortalDNoticias\/wp-json\/wp\/v2\/types\/post"}],"author":[{"embeddable":true,"href":"http:\/\/noticiastelered.com\/PortalDNoticias\/wp-json\/wp\/v2\/users\/7"}],"replies":[{"embeddable":true,"href":"http:\/\/noticiastelered.com\/PortalDNoticias\/wp-json\/wp\/v2\/comments?post=103866"}],"version-history":[{"count":1,"href":"http:\/\/noticiastelered.com\/PortalDNoticias\/wp-json\/wp\/v2\/posts\/103866\/revisions"}],"predecessor-version":[{"id":103870,"href":"http:\/\/noticiastelered.com\/PortalDNoticias\/wp-json\/wp\/v2\/posts\/103866\/revisions\/103870"}],"wp:featuredmedia":[{"embeddable":true,"href":"http:\/\/noticiastelered.com\/PortalDNoticias\/wp-json\/wp\/v2\/media\/103869"}],"wp:attachment":[{"href":"http:\/\/noticiastelered.com\/PortalDNoticias\/wp-json\/wp\/v2\/media?parent=103866"}],"wp:term":[{"taxonomy":"category","embeddable":true,"href":"http:\/\/noticiastelered.com\/PortalDNoticias\/wp-json\/wp\/v2\/categories?post=103866"},{"taxonomy":"post_tag","embeddable":true,"href":"http:\/\/noticiastelered.com\/PortalDNoticias\/wp-json\/wp\/v2\/tags?post=103866"}],"curies":[{"name":"wp","href":"https:\/\/api.w.org\/{rel}","templated":true}]}}