{"id":103851,"date":"2024-09-24T13:41:11","date_gmt":"2024-09-24T13:41:11","guid":{"rendered":"http:\/\/noticiastelered.com\/PortalDNoticias\/?p=103851"},"modified":"2024-09-24T13:41:12","modified_gmt":"2024-09-24T13:41:12","slug":"comunicado-de-prensa-detiene-fgr-a-ex-militar-acusado-de-homicidio-calificadoy-lesiones-que-estaba-profugo-desde-2022","status":"publish","type":"post","link":"http:\/\/noticiastelered.com\/PortalDNoticias\/comunicado-de-prensa-detiene-fgr-a-ex-militar-acusado-de-homicidio-calificadoy-lesiones-que-estaba-profugo-desde-2022\/","title":{"rendered":"COMUNICADO DE PRENSA\u00a0DETIENE FGR A EX MILITAR ACUSADO DE HOMICIDIO CALIFICADOY LESIONES QUE ESTABA PR\u00d3FUGO DESDE 2022\u00a0"},"content":{"rendered":"\n<ul>\n<li>En operativo Urbano asesinaron a un padre de Familia y le negaron atenci\u00f3n m\u00e9dica hasta su fallecimiento<\/li>\n\n\n\n<li>Suman dos Cabos del 16\u00ba Regimiento de Caballer\u00eda Motorizada detenidos por estos hechos<br>&nbsp;<br>&nbsp;<br>Nuevo Laredo, Tamaulipas, a 24 de Septiembre del 2024.-Este lunes concluy\u00f3 la Audiencia Inicial del ex militar RANULFO \u201cN\u201d, acusado por la Fiscal\u00eda General de la Rep\u00fablica (FGR) de asesinar en 2022 a un padre de familia y lesionar a tres hombres m\u00e1s mientras realizaban un operativo urbano en el Fraccionamiento Colinas del Sur en Nuevo Laredo, Tamaulipas.<br>&nbsp;<br>La audiencia celebrada en el Centro Federal de Justicia Penal con sede en Reynosa, Tamaulipas dentro de la Causa Penal 37\/2022 concluy\u00f3 con la medida de Prisi\u00f3n Preventiva Oficiosapara el Cabo RANULFO \u201cN\u201d quien pertenec\u00eda al 16\u00ba Regimiento de Caballer\u00eda Motorizada y desde el pasado 6 de junio del 2022 fue imputado de los delitos de Homicidio en agravio de Javier Flores del \u00c1ngel, asesinado con dosdisparos de arma de fuego as\u00ed como Retenci\u00f3n de Personas y Lesiones en perjuicio de los j\u00f3venes Osvaldo Jasso, Jos\u00e9 Luna y Daniel G\u00f3mez, respectivamente.<br>&nbsp;<br>Otro militar compa\u00f1ero de Ranulfo tambi\u00e9n enfrenta los mismos delitos, se trata del ex Cabo de Caballer\u00eda Jos\u00e9 Mar\u00eda \u201cN\u201d quien actualmente se encuentra preso en el Centro Federal de Readaptaci\u00f3n Social n\u00famero 18 ubicado en Ramos Arispe, Coahuila.<br>&nbsp;<br>La ejecuci\u00f3n extrajudicial del se\u00f1or Javier Flores del \u00c1ngel, as\u00ed como las lesiones que sufrieron tres v\u00edctimas sobrevivientes de nombres Daniel, Jos\u00e9 y Oswaldo, ocurrieron la noche del domingo 7 de febrero del 2021 en el crucero de Cerro de la Silla y Cerro de las \u00c1guilas, del fraccionamiento Colinas del Sur en Nuevo Laredo.<br>&nbsp;<br>Inicialmente la Secretar\u00eda de la Defensa Nacional \u201canunci\u00f3\u201d el abatimiento de una persona del sexo masculino y la detenci\u00f3n de otros tres \u201cc\u00f3mplices\u201d pertenecientes al crimen organizado que agredieron a personal militar con armas de fuego, cuando en realidad los j\u00f3venes asistieron esa noche a una carne asada, se dirig\u00edan a sus domicilios y en el trayecto fueron acribillados cobardemente por un grupo de militares.<br>&nbsp;<br>Sin embargo, evidencias obtenidas por sus abogados, las declaraciones de los testigos sobrevivientes y peritajes de la Fiscal\u00eda General de la Rep\u00fablica demostraron que los militares del XVI Regimiento de Caballer\u00eda Motorizada habr\u00edan falseado la informaci\u00f3n oficial, sembraron evidencias y cayeron en contradicciones, ordenando un Juez de Control la liberaci\u00f3n de los detenidos y el iniciaran una Carpeta de Investigaci\u00f3n en contra del personal militar, pasando los j\u00f3venes de imputados a v\u00edctimas.<br>&nbsp;<br>ENCUBREN A MANDOS SUPERIORES<br>&nbsp;<br>A pesar que las investigaciones de la Fiscal\u00eda General de la Rep\u00fablica permitieron ubicar a los militares JOS\u00c9 MAR\u00cdA \u201cN\u201d y RANULFO \u201cN\u201d como los soldados que dispararon sus armas en contra de los cuatro j\u00f3venes que se trasladaban en un autom\u00f3vil tipo Honda, el comandante responsable del operativo, el Teniente de Caballer\u00eda Alejandro Morales Leyva nunca fue imputado por el delito de Encubrimiento y Abuso de Autoridad.<br>&nbsp;<br>Este militar habr\u00eda sido quien orden\u00f3 a los soldados bajo su mando sembrarles un fusil tipo Ak 47 y varios cargadores para justificar la supuesta agresi\u00f3n que fueron objeto, as\u00ed como de negarles atenci\u00f3n m\u00e9dica a la v\u00edctima mortal y a los tres j\u00f3venes sobrevivientes.<br>&nbsp;<br>A manera de antecedente y de acuerdo con versiones period\u00edsticas, el 27 septiembre del 2020 el teniente de Caballer\u00eda, Alejandro Morales Leyva estuvo involucrado en la muerte \u201caccidental\u201d del cabo Leonel Felipe P\u00e9rez Garc\u00eda, quien habr\u00eda recibido un disparo por la espalda cuando realizaba patrullajes terrestres en un veh\u00edculo oficial de la Secretar\u00eda de la Defensa Nacional.<br>&nbsp;<br>RECOMENDACI\u00d3N DE LA CNDH\u2026INCUMPLIDA<br>&nbsp;<br>Por estos hechos la Comisi\u00f3n Nacional de los Derechos Humanos (CNDH) emiti\u00f3 la Recomendaci\u00f3n 71VG\/2022, de fecha 30 de septiembre del mismo a\u00f1o, cuyo seguimiento y cumplimiento desconocen las v\u00edctimas y sus familiares, pues hasta la fecha no han recibido la indemnizaci\u00f3n correspondientepor parte de la Comisi\u00f3n Ejecutiva de Atenci\u00f3n a V\u00edctimas (CEAV).<\/li>\n<\/ul>\n","protected":false},"excerpt":{"rendered":"","protected":false},"author":7,"featured_media":103854,"comment_status":"open","ping_status":"open","sticky":false,"template":"","format":"standard","meta":[],"categories":[63],"tags":[],"_links":{"self":[{"href":"http:\/\/noticiastelered.com\/PortalDNoticias\/wp-json\/wp\/v2\/posts\/103851"}],"collection":[{"href":"http:\/\/noticiastelered.com\/PortalDNoticias\/wp-json\/wp\/v2\/posts"}],"about":[{"href":"http:\/\/noticiastelered.com\/PortalDNoticias\/wp-json\/wp\/v2\/types\/post"}],"author":[{"embeddable":true,"href":"http:\/\/noticiastelered.com\/PortalDNoticias\/wp-json\/wp\/v2\/users\/7"}],"replies":[{"embeddable":true,"href":"http:\/\/noticiastelered.com\/PortalDNoticias\/wp-json\/wp\/v2\/comments?post=103851"}],"version-history":[{"count":1,"href":"http:\/\/noticiastelered.com\/PortalDNoticias\/wp-json\/wp\/v2\/posts\/103851\/revisions"}],"predecessor-version":[{"id":103855,"href":"http:\/\/noticiastelered.com\/PortalDNoticias\/wp-json\/wp\/v2\/posts\/103851\/revisions\/103855"}],"wp:featuredmedia":[{"embeddable":true,"href":"http:\/\/noticiastelered.com\/PortalDNoticias\/wp-json\/wp\/v2\/media\/103854"}],"wp:attachment":[{"href":"http:\/\/noticiastelered.com\/PortalDNoticias\/wp-json\/wp\/v2\/media?parent=103851"}],"wp:term":[{"taxonomy":"category","embeddable":true,"href":"http:\/\/noticiastelered.com\/PortalDNoticias\/wp-json\/wp\/v2\/categories?post=103851"},{"taxonomy":"post_tag","embeddable":true,"href":"http:\/\/noticiastelered.com\/PortalDNoticias\/wp-json\/wp\/v2\/tags?post=103851"}],"curies":[{"name":"wp","href":"https:\/\/api.w.org\/{rel}","templated":true}]}}