{"id":103817,"date":"2024-09-24T04:50:02","date_gmt":"2024-09-24T04:50:02","guid":{"rendered":"http:\/\/noticiastelered.com\/PortalDNoticias\/?p=103817"},"modified":"2024-09-24T04:50:03","modified_gmt":"2024-09-24T04:50:03","slug":"adrian-marcelo-anuncia-su-regreso-a-redes-sociales-con-polemico-video","status":"publish","type":"post","link":"http:\/\/noticiastelered.com\/PortalDNoticias\/adrian-marcelo-anuncia-su-regreso-a-redes-sociales-con-polemico-video\/","title":{"rendered":"Adri\u00e1n Marcelo anuncia su regreso a redes sociales con pol\u00e9mico v\u00eddeo"},"content":{"rendered":"<p>Adri\u00e1n Marcelo, el influencer regiomontano regres\u00f3 a la plataforma de YouTube con un pol\u00e9mico v\u00eddeo donde hace referencia a la Casa de los Famosos.<\/p>\n<p>Con un v\u00eddeo titulado \u201cLa vida despu\u00e9s de la casa\u201d y con infinitas referencias al reality show en el que particip\u00f3, fue como el regio anunci\u00f3 su regreso a las plataformas digitales provocando un revuelo entre los usuarios del internet.<\/p>\n<p>As\u00ed fue el regreso de Adri\u00e1n Marcelo al mundo del internet<br \/>\nEl material con duraci\u00f3n de aproximadamente cuatro minutos comienza con una toma en la que Adri\u00e1n supuestamente est\u00e1 despertando de un sue\u00f1o y grita : &#8220;perd\u00f3name, perd\u00f3name&#8221;.<\/p>\n<p>Despu\u00e9s de esto, el comediante despliega una serie de referencias de los momentos que se viven dentro de la Casa de los Famosos tales como los mensajes a trav\u00e9s de las c\u00e1maras ocultas para sus amigos y familiares.<\/p>\n<p>\u201cA la que extra\u00f1o mucho es a la chaparrita de mi vida, te amo mucho en pocos d\u00edas nos vemos, aguanta mi vida\u201d sin embargo al realizar un cameo Karina Puente sale a c\u00e1mara record\u00e1ndole que se encuentra a su lado.<\/p>\n<p>En el clip, Adri\u00e1n tambi\u00e9n menciona las nominaciones en donde detalla que van dirigidas a  Paola y Briggitte, adem\u00e1s se\u00f1alando que Mayito era el \u201crival\u201d<\/p>\n<p>&#8220;El rival es Mayito, ten cuidado con ese ca***, te dice lo que quieres escuchar, pero te volteas y te clava un pu\u00f1al&#8221;.<\/p>\n<p>\u00bfCu\u00e1ndo regresa Adri\u00e1n Marcelo a YouTube?<br \/>\nEl material termina con una toma detallada de su famoso micr\u00f3fono con el logotipo de su programa de YouTube \u201cRadar\u201d finalizando con los n\u00fameros 10-10, haciendo una referencia a su pr\u00f3ximo regreso el 10 de octubre.<\/p>\n<p>Pese a que Adri\u00e1n Marcelo ha sido un personaje que ha dado mucho de qu\u00e9 hablar, muchos de los internautas compartieron la felicidad de que este regresara de nuevo a las redes para continuar con su pol\u00e9mico contenido.<\/p>\n<p><!-- Composite Start --><\/p>\n<div id=\"M240110ScriptRootC290005\">\n<div id=\"M240110PreloadC290005\"> Loading&#8230;<\/div>\n<p><script> (function(){ var D=new Date(),d=document,b='body',ce='createElement',ac='appendChild',st='style',ds='display',n='none',gi='getElementById',lp=d.location.protocol,wp=lp.indexOf('http')==0?lp:'https:'; var i=d[ce]('iframe');i[st][ds]=n;d[gi](\"M240110ScriptRootC290005\")[ac](i);try{var iw=i.contentWindow.document;iw.open();iw.writeln(\"<ht\"+\"ml><bo\"+\"dy><\/bo\"+\"dy><\/ht\"+\"ml>\");iw.close();var c=iw[b];} catch(e){var iw=d;var c=d[gi](\"M240110ScriptRootC290005\");}var dv=iw[ce]('div');dv.id=\"MG_ID\";dv[st][ds]=n;dv.innerHTML=290005;c[ac](dv); var s=iw[ce]('script');s.async='async';s.defer='defer';s.charset='utf-8';s.src=wp+\"\/\/jsc.mgid.com\/n\/o\/noticiastelered.com.290005.js?t=\"+D.getYear()+D.getMonth()+D.getUTCDate()+D.getUTCHours();c[ac](s);})(); <\/script><\/p>\n<\/div>\n","protected":false},"excerpt":{"rendered":"<p>Adri\u00e1n Marcelo, el influencer regiomontano regres\u00f3 a la plataforma de YouTube con un pol\u00e9mico v\u00eddeo donde hace referencia a la Casa de los Famosos. Con un v\u00eddeo titulado \u201cLa vida despu\u00e9s de la casa\u201d y con infinitas referencias al reality [&hellip;]<\/p>\n","protected":false},"author":7,"featured_media":103821,"comment_status":"open","ping_status":"open","sticky":false,"template":"","format":"standard","meta":[],"categories":[66],"tags":[],"_links":{"self":[{"href":"http:\/\/noticiastelered.com\/PortalDNoticias\/wp-json\/wp\/v2\/posts\/103817"}],"collection":[{"href":"http:\/\/noticiastelered.com\/PortalDNoticias\/wp-json\/wp\/v2\/posts"}],"about":[{"href":"http:\/\/noticiastelered.com\/PortalDNoticias\/wp-json\/wp\/v2\/types\/post"}],"author":[{"embeddable":true,"href":"http:\/\/noticiastelered.com\/PortalDNoticias\/wp-json\/wp\/v2\/users\/7"}],"replies":[{"embeddable":true,"href":"http:\/\/noticiastelered.com\/PortalDNoticias\/wp-json\/wp\/v2\/comments?post=103817"}],"version-history":[{"count":1,"href":"http:\/\/noticiastelered.com\/PortalDNoticias\/wp-json\/wp\/v2\/posts\/103817\/revisions"}],"predecessor-version":[{"id":103822,"href":"http:\/\/noticiastelered.com\/PortalDNoticias\/wp-json\/wp\/v2\/posts\/103817\/revisions\/103822"}],"wp:featuredmedia":[{"embeddable":true,"href":"http:\/\/noticiastelered.com\/PortalDNoticias\/wp-json\/wp\/v2\/media\/103821"}],"wp:attachment":[{"href":"http:\/\/noticiastelered.com\/PortalDNoticias\/wp-json\/wp\/v2\/media?parent=103817"}],"wp:term":[{"taxonomy":"category","embeddable":true,"href":"http:\/\/noticiastelered.com\/PortalDNoticias\/wp-json\/wp\/v2\/categories?post=103817"},{"taxonomy":"post_tag","embeddable":true,"href":"http:\/\/noticiastelered.com\/PortalDNoticias\/wp-json\/wp\/v2\/tags?post=103817"}],"curies":[{"name":"wp","href":"https:\/\/api.w.org\/{rel}","templated":true}]}}