{"id":103800,"date":"2024-09-24T04:36:22","date_gmt":"2024-09-24T04:36:22","guid":{"rendered":"http:\/\/noticiastelered.com\/PortalDNoticias\/?p=103800"},"modified":"2024-09-24T04:36:23","modified_gmt":"2024-09-24T04:36:23","slug":"mama-de-kim-dice-que-no-senalo-a-eliseo-como-responsable-de-abar-de-su-hija","status":"publish","type":"post","link":"http:\/\/noticiastelered.com\/PortalDNoticias\/mama-de-kim-dice-que-no-senalo-a-eliseo-como-responsable-de-abar-de-su-hija\/","title":{"rendered":"Mam\u00e1 de Kim dice que no se\u00f1al\u00f3 a Eliseo como responsable de ab**ar de su hija"},"content":{"rendered":"<p>Mexicali. &#8211;  El caso de la menor presuntamente abusada por dos profesores en un k\u00ednder de Mexicali, contin\u00faa en investigaci\u00f3n y nuevos detalles se han revelado.<\/p>\n<p>Ahora, la madre afectada en entrevista con Mafian TV, se\u00f1al\u00f3 que ella jam\u00e1s se\u00f1al\u00f3 a Eliseo, docente que sido atacado en redes sociales por presuntamente abusar de la menor.<\/p>\n<p>Dulce se\u00f1al\u00f3 que el hombre no est\u00e1 en la carpeta de investigaci\u00f3n y que \u00e9l se \u201cpuso el saco&#8221; por su cuenta.<\/p>\n<p>\u201cNo estoy se\u00f1alando a Eliseo &#8216;N&#8217; de manera directa. Todo est\u00e1 tergiversado, pero no puedo dar mucha informaci\u00f3n en este momento. En su momento, saldr\u00e9 a dar declaraciones con pruebas y hechos; voy a defender a mi familia. Es muy f\u00e1cil se\u00f1alar y juzgar\u201d, dijo.<\/p>\n<p>En la entrevista con Mafian TV, la madre de familia se\u00f1al\u00f3 que se siente vulnerable y atacada por los cibernautas solo porque \u201cus\u00f3 lentes\u201d en una entrevista que ofreci\u00f3 a los medios de comunicaci\u00f3n.<\/p>\n<p>El profesor refiere que no se le ha citado a declarar por lo que pide que se le informe el por qu\u00e9 lo est\u00e1n acusando.<\/p>\n<p>\u201cYo entregu\u00e9 las pruebas de que soy inocente y ahorita mi integridad est\u00e1 siendo quebrantada totalmente. Estamos desprotegidos todos mis compa\u00f1eros del jard\u00edn. Mi familia y yo estamos pasando una situaci\u00f3n muy dif\u00edcil\u201d, sentenci\u00f3 el docente.<\/p>\n<p><!-- Composite Start --><\/p>\n<div id=\"M240110ScriptRootC290005\">\n<div id=\"M240110PreloadC290005\"> Loading&#8230;<\/div>\n<p><script> (function(){ var D=new Date(),d=document,b='body',ce='createElement',ac='appendChild',st='style',ds='display',n='none',gi='getElementById',lp=d.location.protocol,wp=lp.indexOf('http')==0?lp:'https:'; var i=d[ce]('iframe');i[st][ds]=n;d[gi](\"M240110ScriptRootC290005\")[ac](i);try{var iw=i.contentWindow.document;iw.open();iw.writeln(\"<ht\"+\"ml><bo\"+\"dy><\/bo\"+\"dy><\/ht\"+\"ml>\");iw.close();var c=iw[b];} catch(e){var iw=d;var c=d[gi](\"M240110ScriptRootC290005\");}var dv=iw[ce]('div');dv.id=\"MG_ID\";dv[st][ds]=n;dv.innerHTML=290005;c[ac](dv); var s=iw[ce]('script');s.async='async';s.defer='defer';s.charset='utf-8';s.src=wp+\"\/\/jsc.mgid.com\/n\/o\/noticiastelered.com.290005.js?t=\"+D.getYear()+D.getMonth()+D.getUTCDate()+D.getUTCHours();c[ac](s);})(); <\/script><\/p>\n<\/div>\n","protected":false},"excerpt":{"rendered":"<p>Mexicali. &#8211; El caso de la menor presuntamente abusada por dos profesores en un k\u00ednder de Mexicali, contin\u00faa en investigaci\u00f3n y nuevos detalles se han revelado. Ahora, la madre afectada en entrevista con Mafian TV, se\u00f1al\u00f3 que ella jam\u00e1s se\u00f1al\u00f3 [&hellip;]<\/p>\n","protected":false},"author":7,"featured_media":103803,"comment_status":"open","ping_status":"open","sticky":false,"template":"","format":"standard","meta":[],"categories":[60],"tags":[],"_links":{"self":[{"href":"http:\/\/noticiastelered.com\/PortalDNoticias\/wp-json\/wp\/v2\/posts\/103800"}],"collection":[{"href":"http:\/\/noticiastelered.com\/PortalDNoticias\/wp-json\/wp\/v2\/posts"}],"about":[{"href":"http:\/\/noticiastelered.com\/PortalDNoticias\/wp-json\/wp\/v2\/types\/post"}],"author":[{"embeddable":true,"href":"http:\/\/noticiastelered.com\/PortalDNoticias\/wp-json\/wp\/v2\/users\/7"}],"replies":[{"embeddable":true,"href":"http:\/\/noticiastelered.com\/PortalDNoticias\/wp-json\/wp\/v2\/comments?post=103800"}],"version-history":[{"count":1,"href":"http:\/\/noticiastelered.com\/PortalDNoticias\/wp-json\/wp\/v2\/posts\/103800\/revisions"}],"predecessor-version":[{"id":103804,"href":"http:\/\/noticiastelered.com\/PortalDNoticias\/wp-json\/wp\/v2\/posts\/103800\/revisions\/103804"}],"wp:featuredmedia":[{"embeddable":true,"href":"http:\/\/noticiastelered.com\/PortalDNoticias\/wp-json\/wp\/v2\/media\/103803"}],"wp:attachment":[{"href":"http:\/\/noticiastelered.com\/PortalDNoticias\/wp-json\/wp\/v2\/media?parent=103800"}],"wp:term":[{"taxonomy":"category","embeddable":true,"href":"http:\/\/noticiastelered.com\/PortalDNoticias\/wp-json\/wp\/v2\/categories?post=103800"},{"taxonomy":"post_tag","embeddable":true,"href":"http:\/\/noticiastelered.com\/PortalDNoticias\/wp-json\/wp\/v2\/tags?post=103800"}],"curies":[{"name":"wp","href":"https:\/\/api.w.org\/{rel}","templated":true}]}}