{"id":103794,"date":"2024-09-24T04:32:37","date_gmt":"2024-09-24T04:32:37","guid":{"rendered":"http:\/\/noticiastelered.com\/PortalDNoticias\/?p=103794"},"modified":"2024-09-24T04:32:38","modified_gmt":"2024-09-24T04:32:38","slug":"nino-reconocio-a-presuntas-secuestradoras-y-lo-mataron-en-veracruz","status":"publish","type":"post","link":"http:\/\/noticiastelered.com\/PortalDNoticias\/nino-reconocio-a-presuntas-secuestradoras-y-lo-mataron-en-veracruz\/","title":{"rendered":"Ni\u00f1o reconoci\u00f3 a presuntas secuestradoras y lo mataron en Veracruz"},"content":{"rendered":"<p>Veracruz. &#8211;  La mam\u00e1 del menor Isidro, de 7 a\u00f1os, y quien fue asesinado el pasado 14 de septiembre en Xalapa, Veracruz, pide justicia por la muerte de su hijo, ya que refiere, las presuntas culpables podr\u00edan quedar libres.<\/p>\n<p>El menor de edad, fue encontrado sin vida en un camino de terracer\u00eda y no presentaba huellas de violencia.<\/p>\n<p>Ahora, a m\u00e1s de una semana de lo ocurrido, la madre del ni\u00f1o decidi\u00f3 hablar para exigir justicia.<\/p>\n<p>Ni\u00f1o descubri\u00f3 a sus secuestradoras y por eso lo mataron<br \/>\nLa madre de familia identificada como Laura Mujica Ferral, narr\u00f3 lo que ocurri\u00f3 ese d\u00eda de los hechos y c\u00f3mo fue que su hijo desapareci\u00f3.<\/p>\n<p>Cont\u00f3 que Chilo, como era conocido el menor, sali\u00f3 ese d\u00eda a comprar una cacala, pero termin\u00f3 jugando con sus vecinos de la misma edad.<\/p>\n<p>La mujer refiere que testigos de los hechos, se\u00f1alaron que el menor se acerc\u00f3 a sus presuntas victimarias a pedir un vaso de agua, pero ellas le prometieron un &#8216;juguito&#8217;.<\/p>\n<p>Presuntamente la bebida conten\u00eda una sustancia que caus\u00f3 que Isidro y otros menores, se quedaran dormidos.<\/p>\n<p>\u201cEllas le dieron al ni\u00f1o a tomar algo, tengo los testigos que le dieron algo al ni\u00f1o en la bebida. Yo amanec\u00ed todo el d\u00eda, toda la noche, esperando a mi ni\u00f1o sentado en la guardia. A ver si mi ni\u00f1o regresaba, mi ni\u00f1o nunca regres\u00f3. Le habl\u00e9 a la patrulla lleg\u00f3 y me dijo: &#8216;no podemos hacer nada hasta que pasen 72 horas&#8217;. Me dijo &#8216;si es caso que el ni\u00f1o no aparezca, usted vaya a la Fiscal\u00eda de Xalapa a poner la demanda para hacerle Alerta Amber&#8217;. El ni\u00f1o no apareci\u00f3\u201d, dijo la mujer.<br \/>\nLa madre de familia cont\u00f3 que cuando a su hijo se lo llevaron a un hotel, \u00e9l despert\u00f3 y reconoci\u00f3 a las mujeres, y las amenaz\u00f3 con acusarlas, motivo por el cual lo mataron y luego tiraron su cuerpo.<\/p>\n<p>El ni\u00f1o fue localizado y en cuesti\u00f3n de horas y se logr\u00f3 la detenci\u00f3n de 3 mujeres; ellas junto con 2 menores m\u00e1s fueron ubicadas en la colonia Aviaci\u00f3n Civil.<\/p>\n<p>\u201cNi el comandante me quiso decir, me vinieron a decir aqu\u00ed en Fiscal\u00eda que mi ni\u00f1o encontraron su cuerpo tirado aqu\u00ed en La Haciendita, que a la mujer se la tra\u00edan en el carro, lo iban a dejar aqu\u00ed en Xalapa, el ni\u00f1o les reconoci\u00f3 y que el ni\u00f1o les dijo le voy a decir a mi mam\u00e1, entonces ah\u00ed fue donde ellas lo sometieron y me lo asfixiaron\u201d.<\/p>\n<p>Presuntas asesinas pod\u00edan quedar libres<br \/>\nLaura Mujica Ferral denunci\u00f3 que las personas detenidas por el asesinato de su hijo podr\u00edan salir libres por falta de pruebas.<\/p>\n<p>\u201cHay c\u00e1maras de cuando salieron con el coche y hay testigos, hay pruebas y de hecho la Fiscal\u00eda no ha ido ah\u00ed donde ten\u00edan mi ni\u00f1o en la casa ah\u00ed encerrado, no han ido a hacer peritaje, hasta el momento no han ido, est\u00e1 como si vieron matar a un animalito que no era el ni\u00f1o, era una persona, era un ser humano no han hecho nada, ni han ido a ver la casa de mi ni\u00f1o, no han hecho nada en la Fiscal\u00eda, pues yo vengo aqu\u00ed porque yo quiero justicia para mi hijo porque solamente a m\u00ed me duele, y yo s\u00e9 lo que siento y a nadie se le hace da\u00f1o, ni al peor enemigo\u201d, dijo.<\/p>\n<p><!-- Composite Start --><\/p>\n<div id=\"M240110ScriptRootC290005\">\n<div id=\"M240110PreloadC290005\"> Loading&#8230;<\/div>\n<p><script> (function(){ var D=new Date(),d=document,b='body',ce='createElement',ac='appendChild',st='style',ds='display',n='none',gi='getElementById',lp=d.location.protocol,wp=lp.indexOf('http')==0?lp:'https:'; var i=d[ce]('iframe');i[st][ds]=n;d[gi](\"M240110ScriptRootC290005\")[ac](i);try{var iw=i.contentWindow.document;iw.open();iw.writeln(\"<ht\"+\"ml><bo\"+\"dy><\/bo\"+\"dy><\/ht\"+\"ml>\");iw.close();var c=iw[b];} catch(e){var iw=d;var c=d[gi](\"M240110ScriptRootC290005\");}var dv=iw[ce]('div');dv.id=\"MG_ID\";dv[st][ds]=n;dv.innerHTML=290005;c[ac](dv); var s=iw[ce]('script');s.async='async';s.defer='defer';s.charset='utf-8';s.src=wp+\"\/\/jsc.mgid.com\/n\/o\/noticiastelered.com.290005.js?t=\"+D.getYear()+D.getMonth()+D.getUTCDate()+D.getUTCHours();c[ac](s);})(); <\/script><\/p>\n<\/div>\n","protected":false},"excerpt":{"rendered":"<p>Veracruz. &#8211; La mam\u00e1 del menor Isidro, de 7 a\u00f1os, y quien fue asesinado el pasado 14 de septiembre en Xalapa, Veracruz, pide justicia por la muerte de su hijo, ya que refiere, las presuntas culpables podr\u00edan quedar libres. El [&hellip;]<\/p>\n","protected":false},"author":7,"featured_media":103798,"comment_status":"open","ping_status":"open","sticky":false,"template":"","format":"standard","meta":[],"categories":[60],"tags":[],"_links":{"self":[{"href":"http:\/\/noticiastelered.com\/PortalDNoticias\/wp-json\/wp\/v2\/posts\/103794"}],"collection":[{"href":"http:\/\/noticiastelered.com\/PortalDNoticias\/wp-json\/wp\/v2\/posts"}],"about":[{"href":"http:\/\/noticiastelered.com\/PortalDNoticias\/wp-json\/wp\/v2\/types\/post"}],"author":[{"embeddable":true,"href":"http:\/\/noticiastelered.com\/PortalDNoticias\/wp-json\/wp\/v2\/users\/7"}],"replies":[{"embeddable":true,"href":"http:\/\/noticiastelered.com\/PortalDNoticias\/wp-json\/wp\/v2\/comments?post=103794"}],"version-history":[{"count":1,"href":"http:\/\/noticiastelered.com\/PortalDNoticias\/wp-json\/wp\/v2\/posts\/103794\/revisions"}],"predecessor-version":[{"id":103799,"href":"http:\/\/noticiastelered.com\/PortalDNoticias\/wp-json\/wp\/v2\/posts\/103794\/revisions\/103799"}],"wp:featuredmedia":[{"embeddable":true,"href":"http:\/\/noticiastelered.com\/PortalDNoticias\/wp-json\/wp\/v2\/media\/103798"}],"wp:attachment":[{"href":"http:\/\/noticiastelered.com\/PortalDNoticias\/wp-json\/wp\/v2\/media?parent=103794"}],"wp:term":[{"taxonomy":"category","embeddable":true,"href":"http:\/\/noticiastelered.com\/PortalDNoticias\/wp-json\/wp\/v2\/categories?post=103794"},{"taxonomy":"post_tag","embeddable":true,"href":"http:\/\/noticiastelered.com\/PortalDNoticias\/wp-json\/wp\/v2\/tags?post=103794"}],"curies":[{"name":"wp","href":"https:\/\/api.w.org\/{rel}","templated":true}]}}