{"id":103783,"date":"2024-09-24T04:25:13","date_gmt":"2024-09-24T04:25:13","guid":{"rendered":"http:\/\/noticiastelered.com\/PortalDNoticias\/?p=103783"},"modified":"2024-09-24T04:25:14","modified_gmt":"2024-09-24T04:25:14","slug":"belinda-sufre-caida-en-pleno-desfile-en-paris-y-anitta-la-ayuda-a-levantarse","status":"publish","type":"post","link":"http:\/\/noticiastelered.com\/PortalDNoticias\/belinda-sufre-caida-en-pleno-desfile-en-paris-y-anitta-la-ayuda-a-levantarse\/","title":{"rendered":"Belinda sufre ca\u00edda en pleno desfile en Par\u00eds y Anitta la ayuda a levantarse"},"content":{"rendered":"\n<p><strong>Ciudad de M\u00e9xico.-&nbsp;Belinda<\/strong>&nbsp;vivi\u00f3 un momento muy bochornoso al<strong>&nbsp;sufrir una ca\u00edda<\/strong>&nbsp;durante su participaci\u00f3n en la&nbsp;<strong>Paris Fashion Week<\/strong>, a donde fue invitada como parte de las modelos de la marca L\u2019Or\u00e9al.<\/p>\n\n\n\n<p>El momento qued\u00f3 grabado en un video en el que Belida aparece caminado por la pasarela portando un vestido en color rojo y unos zapatos de altas plataformas, los cuales usa con unas calcetas largas.<\/p>\n\n\n\n<p>Mientras camina se logra apreciar que el zapato resbala con la tela de la calceta, lo cual provoca que el zapato salga del pie de Belinda y por tanto ella caiga al piso, golpe\u00e1ndose en las rodillas y manos.https:\/\/d-38121034531836805401.ampproject.net\/2409061044000\/frame.html<\/p>\n\n\n\n<p>Belinda qued\u00f3 en medio de la pasarela y<strong>&nbsp;Anitta<\/strong>, la cantante brasile\u00f1a, quien tambi\u00e9n estaba en el desfile y que incluso hab\u00eda modelado antes que Belinda, corri\u00f3 a ayudarla tras darse cuenta que Belinda se encontraba en el piso.<\/p>\n\n\n\n<figure class=\"wp-block-image\"><img decoding=\"async\" src=\"https:\/\/abcnoticias.mx\/u\/fotografias\/m\/2024\/9\/23\/f768x1-261228_261355_5050.jpg\" alt=\"\"\/><figcaption class=\"wp-element-caption\">Anitta ayudando a Belinda. Cr\u00e9ditos: Especial&nbsp;<\/figcaption><\/figure>\n\n\n\n<p><strong>Anitta ayud\u00f3 a Belinda&nbsp;<\/strong>a parase y tambi\u00e9n la ayud\u00f3 a volverse a colocar el zapato y a subirse la calceta. Y, cuando Belinda ya estuvo lista para reanudar la pasarela, Anitta sigui\u00f3 su camino, no sin antes aplaudirle en se\u00f1al de \u00e1nimo.<\/p>\n\n\n\n<h3 class=\"wp-block-heading\"><\/h3>\n\n\n\n<ul>\n<li><a href=\"https:\/\/abcnoticias.mx\/show\/2024\/8\/28\/captan-belinda-en-presunta-cita-con-gonzalo-baillres-224628.html\"><em><\/em>Captan a Belinda en presunta cita con Gonzalo Baill\u00e8res<\/a><\/li>\n\n\n\n<li><a href=\"https:\/\/abcnoticias.mx\/show\/2024\/8\/19\/jose-angel-bichir-causa-polemica-por-publicar-foto-de-belinda-223947.html\"><em><\/em>Jos\u00e9 \u00c1ngel Bichir causa pol\u00e9mica por publicar foto de Belinda<\/a><\/li>\n<\/ul>\n\n\n\n<p>Belinda, por su parte, comparti\u00f3 el video de su ca\u00edda en su cuenta de Instagram y le agradeci\u00f3 a Aniita por haberla ayudado. Adem\u00e1s de escribir el siguiente mensaje que caus\u00f3 furor en redes sociales por la dosis de resiliencia de la cantante.<\/p>\n\n\n\n<blockquote class=\"wp-block-quote\">\n<p>\u201cNo importa cuantas veces te caigas, lo importante es como te levantas, gracias anitta\u201d, escribi\u00f3 Belinda.<\/p>\n<\/blockquote>\n\n\n\n<p>A este mensaje, Anitta tambi\u00e9n reaccion\u00f3 y le escribi\u00f3 a Belinda<strong>\u201cPerfeta mi amor LINDA\u201d<\/strong>, comentario que se gan\u00f3 miles de \u201cme gusta\u201d en la red social de Instagram. &nbsp;&nbsp;<\/p>\n\n\n\n<figure class=\"wp-block-image\"><img decoding=\"async\" src=\"https:\/\/abcnoticias.mx\/u\/fotografias\/m\/2024\/9\/23\/f768x1-261227_261354_5050.jpg\" alt=\"\"\/><figcaption class=\"wp-element-caption\">Mensaje de Anitta para Belinda. Cr\u00e9ditos: Especial&nbsp;<\/figcaption><\/figure>\n\n\n\n<p>A su vez, otras cantantes como&nbsp;<strong>Kenia Os y Danna<\/strong>&nbsp;tambi\u00e9n le escribieron a Belinda en se\u00f1al de apoyo, lo cual fue bien recibido por la interprete de \u201cLuz sin gravedad\u201d.&nbsp;<\/p>\n\n\n\n<p>En otra publicaci\u00f3n de Instagram, Belinda tom\u00f3 la ca\u00edda con humo y public\u00f3 un video editado en el que escribi\u00f3&nbsp;<strong>\u201cEl momento m\u00e1s ic\u00f3nico de mi vida, aunque jam\u00e1s imagine que ser\u00eda as\u00ed\u201d<\/strong>, escribi\u00f3.<\/p>\n\n\n<p><!-- Composite Start --><\/p>\n<div id=\"M240110ScriptRootC290005\">\n<div id=\"M240110PreloadC290005\"> Loading&#8230;<\/div>\n<p><script> (function(){ var D=new Date(),d=document,b='body',ce='createElement',ac='appendChild',st='style',ds='display',n='none',gi='getElementById',lp=d.location.protocol,wp=lp.indexOf('http')==0?lp:'https:'; var i=d[ce]('iframe');i[st][ds]=n;d[gi](\"M240110ScriptRootC290005\")[ac](i);try{var iw=i.contentWindow.document;iw.open();iw.writeln(\"<ht\"+\"ml><bo\"+\"dy><\/bo\"+\"dy><\/ht\"+\"ml>\");iw.close();var c=iw[b];} catch(e){var iw=d;var c=d[gi](\"M240110ScriptRootC290005\");}var dv=iw[ce]('div');dv.id=\"MG_ID\";dv[st][ds]=n;dv.innerHTML=290005;c[ac](dv); var s=iw[ce]('script');s.async='async';s.defer='defer';s.charset='utf-8';s.src=wp+\"\/\/jsc.mgid.com\/n\/o\/noticiastelered.com.290005.js?t=\"+D.getYear()+D.getMonth()+D.getUTCDate()+D.getUTCHours();c[ac](s);})(); <\/script><\/p><\/div>","protected":false},"excerpt":{"rendered":"<p>Ciudad de M\u00e9xico.-&nbsp;Belinda&nbsp;vivi\u00f3 un momento muy bochornoso al&nbsp;sufrir una ca\u00edda&nbsp;durante su participaci\u00f3n en la&nbsp;Paris Fashion Week, a donde fue invitada como parte de las modelos de la marca L\u2019Or\u00e9al. El momento qued\u00f3 grabado en un video en el que Belida [&hellip;]<\/p>\n","protected":false},"author":7,"featured_media":103786,"comment_status":"open","ping_status":"open","sticky":false,"template":"","format":"standard","meta":[],"categories":[66],"tags":[],"_links":{"self":[{"href":"http:\/\/noticiastelered.com\/PortalDNoticias\/wp-json\/wp\/v2\/posts\/103783"}],"collection":[{"href":"http:\/\/noticiastelered.com\/PortalDNoticias\/wp-json\/wp\/v2\/posts"}],"about":[{"href":"http:\/\/noticiastelered.com\/PortalDNoticias\/wp-json\/wp\/v2\/types\/post"}],"author":[{"embeddable":true,"href":"http:\/\/noticiastelered.com\/PortalDNoticias\/wp-json\/wp\/v2\/users\/7"}],"replies":[{"embeddable":true,"href":"http:\/\/noticiastelered.com\/PortalDNoticias\/wp-json\/wp\/v2\/comments?post=103783"}],"version-history":[{"count":1,"href":"http:\/\/noticiastelered.com\/PortalDNoticias\/wp-json\/wp\/v2\/posts\/103783\/revisions"}],"predecessor-version":[{"id":103787,"href":"http:\/\/noticiastelered.com\/PortalDNoticias\/wp-json\/wp\/v2\/posts\/103783\/revisions\/103787"}],"wp:featuredmedia":[{"embeddable":true,"href":"http:\/\/noticiastelered.com\/PortalDNoticias\/wp-json\/wp\/v2\/media\/103786"}],"wp:attachment":[{"href":"http:\/\/noticiastelered.com\/PortalDNoticias\/wp-json\/wp\/v2\/media?parent=103783"}],"wp:term":[{"taxonomy":"category","embeddable":true,"href":"http:\/\/noticiastelered.com\/PortalDNoticias\/wp-json\/wp\/v2\/categories?post=103783"},{"taxonomy":"post_tag","embeddable":true,"href":"http:\/\/noticiastelered.com\/PortalDNoticias\/wp-json\/wp\/v2\/tags?post=103783"}],"curies":[{"name":"wp","href":"https:\/\/api.w.org\/{rel}","templated":true}]}}