{"id":103725,"date":"2024-09-23T04:09:20","date_gmt":"2024-09-23T04:09:20","guid":{"rendered":"http:\/\/noticiastelered.com\/PortalDNoticias\/?p=103725"},"modified":"2024-09-23T04:09:21","modified_gmt":"2024-09-23T04:09:21","slug":"estos-son-los-sintomas-de-mv-1-la-nueva-variante-de-covid-19-que-se-ha-hallado-en-los-4-continentes","status":"publish","type":"post","link":"http:\/\/noticiastelered.com\/PortalDNoticias\/estos-son-los-sintomas-de-mv-1-la-nueva-variante-de-covid-19-que-se-ha-hallado-en-los-4-continentes\/","title":{"rendered":"Estos son los s\u00edntomas de MV.1, la nueva variante de COVID-19 que se ha hallado en los 4 continentes"},"content":{"rendered":"<p>M\u00c9XICO.- La presencia de una nueva variante identificada como MV.1 ha generado alertas debido a su r\u00e1pida propagaci\u00f3n en el mundo. Conoce cu\u00e1les son los s\u00edntomas y lo que se sabe sobre la cepa del covid-19.<\/p>\n<p>\u00bfQu\u00e9 sabemos sobre la variante MV.1 de covid-19?<br \/>\nLa variante fue detectada por primera vez en Maharashtra, India, a finales de junio. MV.1 es una subvariante de JN.1.49 a trav\u00e9s de MB.1.1.1 que revierte la mutaci\u00f3n Spike K478T al tipo Wuhan original.<\/p>\n<p>El covid-19 es una enfermedad infecciosa causada por el coronavirus. El nuevo virus como la enfermedad eran desconocidos antes de que iniciara el brote en Wuhan (China) en diciembre de 2019.<\/p>\n<p>El coronavirus est\u00e1 compuesto por una extensa familia de virus que pueden causar enfermedades en animales y humanos. \u00c9stas se manifiestan desde simples infecciones respiratorias como resfriado hasta enfermedades m\u00e1s graves como el s\u00edndrome respiratorio agudo severo (SRAS).<\/p>\n<p>La variante MV.1 tiene una ventaja de crecimiento global de 4.4 por ciento al d\u00eda, seg\u00fan Mike Honey, especialista en visualizaci\u00f3n de datos en Melbourne.<\/p>\n<p>\u00bfCu\u00e1les son los s\u00edntomas de la variante MV.1 de covid-19?<\/p>\n<p>Por el momento no se han dado detalles sobre los s\u00edntomas de la nueva variante. Sin embargo, se incluyen los s\u00edntomas m\u00e1s comunes del covid-19:<\/p>\n<p>Tos<br \/>\nFiebre<br \/>\nFatiga<br \/>\nDificultad respiratoria<br \/>\nCongesti\u00f3n nasal<br \/>\nDolor de cabeza<br \/>\nDolor muscular<br \/>\nDolor de garganta<br \/>\nDiarrea<br \/>\nV\u00f3mito<br \/>\nN\u00e1useas<br \/>\nP\u00e9rdida del gusto y el olfato<br \/>\nEl uso del cubrebocas ante el repunte de casos de covid-19 es la principal medida para reducir la tasa de defunciones por contagio | Freepik<\/p>\n<p>En el caso del covid-19 los s\u00edntomas suelen ser leves y aparecen de forma gradual. Algunas personas se infectan pero no desarrollan ning\u00fan s\u00edntoma. De acuerdo con la OMS alrededor del 80% de los pacientes infectados por covid se recupera sin necesidad de alg\u00fan tratamiento especial.<\/p>\n<p>No obstante, 1 de cada 6 personas que contraen esta enfermedad desarrolla dificultades para respirar y afecciones m\u00e9dicas subyacentes.<\/p>\n<p><!-- Composite Start --><\/p>\n<div id=\"M240110ScriptRootC290005\">\n<div id=\"M240110PreloadC290005\"> Loading&#8230;<\/div>\n<p><script> (function(){ var D=new Date(),d=document,b='body',ce='createElement',ac='appendChild',st='style',ds='display',n='none',gi='getElementById',lp=d.location.protocol,wp=lp.indexOf('http')==0?lp:'https:'; var i=d[ce]('iframe');i[st][ds]=n;d[gi](\"M240110ScriptRootC290005\")[ac](i);try{var iw=i.contentWindow.document;iw.open();iw.writeln(\"<ht\"+\"ml><bo\"+\"dy><\/bo\"+\"dy><\/ht\"+\"ml>\");iw.close();var c=iw[b];} catch(e){var iw=d;var c=d[gi](\"M240110ScriptRootC290005\");}var dv=iw[ce]('div');dv.id=\"MG_ID\";dv[st][ds]=n;dv.innerHTML=290005;c[ac](dv); var s=iw[ce]('script');s.async='async';s.defer='defer';s.charset='utf-8';s.src=wp+\"\/\/jsc.mgid.com\/n\/o\/noticiastelered.com.290005.js?t=\"+D.getYear()+D.getMonth()+D.getUTCDate()+D.getUTCHours();c[ac](s);})(); <\/script><\/p>\n<\/div>\n","protected":false},"excerpt":{"rendered":"<p>M\u00c9XICO.- La presencia de una nueva variante identificada como MV.1 ha generado alertas debido a su r\u00e1pida propagaci\u00f3n en el mundo. Conoce cu\u00e1les son los s\u00edntomas y lo que se sabe sobre la cepa del covid-19. \u00bfQu\u00e9 sabemos sobre la [&hellip;]<\/p>\n","protected":false},"author":7,"featured_media":103728,"comment_status":"open","ping_status":"open","sticky":false,"template":"","format":"standard","meta":[],"categories":[60],"tags":[],"_links":{"self":[{"href":"http:\/\/noticiastelered.com\/PortalDNoticias\/wp-json\/wp\/v2\/posts\/103725"}],"collection":[{"href":"http:\/\/noticiastelered.com\/PortalDNoticias\/wp-json\/wp\/v2\/posts"}],"about":[{"href":"http:\/\/noticiastelered.com\/PortalDNoticias\/wp-json\/wp\/v2\/types\/post"}],"author":[{"embeddable":true,"href":"http:\/\/noticiastelered.com\/PortalDNoticias\/wp-json\/wp\/v2\/users\/7"}],"replies":[{"embeddable":true,"href":"http:\/\/noticiastelered.com\/PortalDNoticias\/wp-json\/wp\/v2\/comments?post=103725"}],"version-history":[{"count":1,"href":"http:\/\/noticiastelered.com\/PortalDNoticias\/wp-json\/wp\/v2\/posts\/103725\/revisions"}],"predecessor-version":[{"id":103729,"href":"http:\/\/noticiastelered.com\/PortalDNoticias\/wp-json\/wp\/v2\/posts\/103725\/revisions\/103729"}],"wp:featuredmedia":[{"embeddable":true,"href":"http:\/\/noticiastelered.com\/PortalDNoticias\/wp-json\/wp\/v2\/media\/103728"}],"wp:attachment":[{"href":"http:\/\/noticiastelered.com\/PortalDNoticias\/wp-json\/wp\/v2\/media?parent=103725"}],"wp:term":[{"taxonomy":"category","embeddable":true,"href":"http:\/\/noticiastelered.com\/PortalDNoticias\/wp-json\/wp\/v2\/categories?post=103725"},{"taxonomy":"post_tag","embeddable":true,"href":"http:\/\/noticiastelered.com\/PortalDNoticias\/wp-json\/wp\/v2\/tags?post=103725"}],"curies":[{"name":"wp","href":"https:\/\/api.w.org\/{rel}","templated":true}]}}