{"id":103715,"date":"2024-09-23T04:00:55","date_gmt":"2024-09-23T04:00:55","guid":{"rendered":"http:\/\/noticiastelered.com\/PortalDNoticias\/?p=103715"},"modified":"2024-09-23T04:00:56","modified_gmt":"2024-09-23T04:00:56","slug":"menor-enferma-por-ingerir-medicamento-caduco-que-le-dieron-en-el-issste-victoria","status":"publish","type":"post","link":"http:\/\/noticiastelered.com\/PortalDNoticias\/menor-enferma-por-ingerir-medicamento-caduco-que-le-dieron-en-el-issste-victoria\/","title":{"rendered":"Menor enferma por ingerir medicamento caduco que le dieron en el ISSSTE Victoria"},"content":{"rendered":"<p>CIUDAD VICTORIA, TAM.- Un medicamento con fecha de caducidad de casi dos meses atr\u00e1s, fue lo que recet\u00f3 el Instituto de Seguridad y Servicios Sociales de los Trabajadores del Estado (ISSSTE) a un peque\u00f1o de tan solo 13 meses de edad, en su cl\u00ednica familiar ubicada en el municipio de Victoria.<\/p>\n<p>As\u00ed lo denunci\u00f3 a Expreso el padre del menor de edad afectado, quien despu\u00e9s de la primera toma empez\u00f3 a presentar molestias estomacales probablemente por la p\u00e9rdida de vigencia del antibi\u00f3tico.<\/p>\n<p>Fue la ma\u00f1ana del jueves 19 de septiembre, cuando al ISSSTE Victoria, el padre del menor lo lleva a consulta derivado de s\u00edntomas gripales que presentaba el peque\u00f1o.<\/p>\n<p>Luciano Garc\u00eda, dijo en entrevista que el m\u00e9dico en turno le diagnostic\u00f3 a su hijo una infecci\u00f3n de garganta, procediendo a recetarle \u201cBrupen\u201d (ampicilina) para atacar la bacteria, siendo despu\u00e9s de las 11 de la ma\u00f1ana cuando se le entrega dicha f\u00e1rmaco.<\/p>\n<p>Sin embargo, al d\u00eda siguiente, viernes 20 de septiembre, cuando proced\u00eda a darle su dosis detect\u00f3 que el medicamento ya hab\u00eda caducado desde el pasado 24 de julio, casi 60 d\u00edas de vencimiento.<\/p>\n<p>\u201cEl d\u00eda jueves nos dirigimos a la cl\u00ednica m\u00e9dico familiar del ISSSTE donde a las 10 de la ma\u00f1ana consult\u00f3 mi hijo y a las 11 le estaban recetando el medicamento, pero nos percatamos hasta la ma\u00f1ana siguiente que estaba caducado\u201d.<\/p>\n<p>\u201cY despu\u00e9s de darle la toma, el ni\u00f1o empez\u00f3 a presentar molestias de dolor de est\u00f3mago y es cuando veo que est\u00e1 caducado\u201d, expuso Luciano Garc\u00eda.<\/p>\n<p>As\u00ed tambi\u00e9n, dijo que acudi\u00f3 al ISSSTE a exponerles su error cometido, destacando c\u00f3mo es que el menor estuvo en peligro de muerte por la delicadez de la situaci\u00f3n, agregando que es un tema recurrente que no se denuncia de ninguna manera.<\/p>\n<p>La respuesta de la dependencia m\u00e9dica despu\u00e9s de acudir a realizar el reclamo, fue que la culpa fue directamente de la Ciudad de M\u00e9xico al enviar ese lote, donde posiblemente hubo m\u00e1s medicamentos vencidos.<\/p>\n<p>\u201cDijeron que no fue error de ellos, pero claro que si fue error del Issste porque tienen que checar la caducidad al recibir el cargamento o al menos checarlo cuando lo entregas\u201d.<\/p>\n<p>Por \u00faltimo destac\u00f3 que aunque le renovaron el medicamento por uno con caducidad a noviembre del 2025, es una situaci\u00f3n que no puede presentarse de ninguna manera y que podr\u00eda terminar en un hecho tr\u00e1gico.<\/p>\n<p><!-- Composite Start --><\/p>\n<div id=\"M240110ScriptRootC290005\">\n<div id=\"M240110PreloadC290005\"> Loading&#8230;<\/div>\n<p><script> (function(){ var D=new Date(),d=document,b='body',ce='createElement',ac='appendChild',st='style',ds='display',n='none',gi='getElementById',lp=d.location.protocol,wp=lp.indexOf('http')==0?lp:'https:'; var i=d[ce]('iframe');i[st][ds]=n;d[gi](\"M240110ScriptRootC290005\")[ac](i);try{var iw=i.contentWindow.document;iw.open();iw.writeln(\"<ht\"+\"ml><bo\"+\"dy><\/bo\"+\"dy><\/ht\"+\"ml>\");iw.close();var c=iw[b];} catch(e){var iw=d;var c=d[gi](\"M240110ScriptRootC290005\");}var dv=iw[ce]('div');dv.id=\"MG_ID\";dv[st][ds]=n;dv.innerHTML=290005;c[ac](dv); var s=iw[ce]('script');s.async='async';s.defer='defer';s.charset='utf-8';s.src=wp+\"\/\/jsc.mgid.com\/n\/o\/noticiastelered.com.290005.js?t=\"+D.getYear()+D.getMonth()+D.getUTCDate()+D.getUTCHours();c[ac](s);})(); <\/script><\/p>\n<\/div>\n","protected":false},"excerpt":{"rendered":"<p>CIUDAD VICTORIA, TAM.- Un medicamento con fecha de caducidad de casi dos meses atr\u00e1s, fue lo que recet\u00f3 el Instituto de Seguridad y Servicios Sociales de los Trabajadores del Estado (ISSSTE) a un peque\u00f1o de tan solo 13 meses de [&hellip;]<\/p>\n","protected":false},"author":7,"featured_media":103718,"comment_status":"open","ping_status":"open","sticky":false,"template":"","format":"standard","meta":[],"categories":[59],"tags":[],"_links":{"self":[{"href":"http:\/\/noticiastelered.com\/PortalDNoticias\/wp-json\/wp\/v2\/posts\/103715"}],"collection":[{"href":"http:\/\/noticiastelered.com\/PortalDNoticias\/wp-json\/wp\/v2\/posts"}],"about":[{"href":"http:\/\/noticiastelered.com\/PortalDNoticias\/wp-json\/wp\/v2\/types\/post"}],"author":[{"embeddable":true,"href":"http:\/\/noticiastelered.com\/PortalDNoticias\/wp-json\/wp\/v2\/users\/7"}],"replies":[{"embeddable":true,"href":"http:\/\/noticiastelered.com\/PortalDNoticias\/wp-json\/wp\/v2\/comments?post=103715"}],"version-history":[{"count":1,"href":"http:\/\/noticiastelered.com\/PortalDNoticias\/wp-json\/wp\/v2\/posts\/103715\/revisions"}],"predecessor-version":[{"id":103719,"href":"http:\/\/noticiastelered.com\/PortalDNoticias\/wp-json\/wp\/v2\/posts\/103715\/revisions\/103719"}],"wp:featuredmedia":[{"embeddable":true,"href":"http:\/\/noticiastelered.com\/PortalDNoticias\/wp-json\/wp\/v2\/media\/103718"}],"wp:attachment":[{"href":"http:\/\/noticiastelered.com\/PortalDNoticias\/wp-json\/wp\/v2\/media?parent=103715"}],"wp:term":[{"taxonomy":"category","embeddable":true,"href":"http:\/\/noticiastelered.com\/PortalDNoticias\/wp-json\/wp\/v2\/categories?post=103715"},{"taxonomy":"post_tag","embeddable":true,"href":"http:\/\/noticiastelered.com\/PortalDNoticias\/wp-json\/wp\/v2\/tags?post=103715"}],"curies":[{"name":"wp","href":"https:\/\/api.w.org\/{rel}","templated":true}]}}