{"id":103384,"date":"2024-09-19T05:36:20","date_gmt":"2024-09-19T05:36:20","guid":{"rendered":"http:\/\/noticiastelered.com\/PortalDNoticias\/?p=103384"},"modified":"2024-09-19T05:36:22","modified_gmt":"2024-09-19T05:36:22","slug":"cancelan-un-show-mas-de-adrian-marcelo-ahora-en-cdmx","status":"publish","type":"post","link":"http:\/\/noticiastelered.com\/PortalDNoticias\/cancelan-un-show-mas-de-adrian-marcelo-ahora-en-cdmx\/","title":{"rendered":"Cancelan un show m\u00e1s de Adri\u00e1n Marcelo; ahora en CDMX"},"content":{"rendered":"<p>Ciudad de M\u00e9xico.- Otro show de Adri\u00e1n Marcelo con Iv\u00e1n Fematt \u201cLa Mole\u201d fue cancelado, ahora en la Ciudad de M\u00e9xico, luego del esc\u00e1ndalo que provoc\u00f3 su comportamiento en La Casa de los Famosos M\u00e9xico.<\/p>\n<p>Primero en Jalisco, y ahora, esta tarde se anunci\u00f3 que el show de \u201cHermanos de Leche\u201d que se llevar\u00eda a cabo el pr\u00f3ximo mes en el Pepsi Center WTC fue cancelado.<\/p>\n<p>La compa\u00f1\u00eda ofreci\u00f3 un comunicado a trav\u00e9s de redes sociales donde se inform\u00f3 lo siguiente;<\/p>\n<p>\u201cEn Pepsi Center nuestro compromiso con la integridad, el respeto y la dignidad de todas las personas es inquebrantable. Reafirmamos que nuestro prop\u00f3sito ser\u00e1 siempre brindar una experiencia positiva segura en todos los espect\u00e1culos que se presenten en nuestro recinto, por tal motivo, el show \u201cHermanos de Leche\u201d programado para el pr\u00f3ximo mes ser\u00e1 cancelado.<\/p>\n<p>\u201cAgradecemos a todos los fans su comprensi\u00f3n y lamentamos los inconvenientes ocasionados.<\/p>\n<p>\u201cEl reembolso de los boletos ser\u00e1 a trav\u00e9s del sistema Ticketmaster o establecimiento donde se realiz\u00f3 la compra de sus boletos a partir del viernes 20 de septiembre\u201d, informaron en el comunicado oficial.<\/p>\n<p>R\u00e1pidamente las redes sociales especularon que el motivo de \u201ccompromiso con la integridad, el respeto y la dignidad de todas las personas\u201d, podr\u00eda ser en represalia a la frase que us\u00f3 Adri\u00e1n en uno de sus \u00faltimos momentos despu\u00e9s de la eliminaci\u00f3n de Gomita en el reality show; \u201cUna mujer menos para maltratar\u201d, pues habr\u00eda sumado a los motivos para la salida de patrocinadores y eventualmente a la salida \u201cpor la puerta de atr\u00e1s\u201d de Adri\u00e1n Marcelo.<\/p>\n<p>Tras la cancelaci\u00f3n en Ciudad de M\u00e9xico y Jalisco, al momento las \u00fanicas presentaciones de Adri\u00e1n con \u201cLa Mole\u201d que contin\u00faan anunciadas son en Monterrey el 6 y 7 de noviembre, en M\u00e9rida el 23 de noviembre y en solitario el 19 de octubre en Tijuana.<\/p>\n<p><!-- Composite Start --><\/p>\n<div id=\"M240110ScriptRootC290005\">\n<div id=\"M240110PreloadC290005\"> Loading&#8230;<\/div>\n<p><script> (function(){ var D=new Date(),d=document,b='body',ce='createElement',ac='appendChild',st='style',ds='display',n='none',gi='getElementById',lp=d.location.protocol,wp=lp.indexOf('http')==0?lp:'https:'; var i=d[ce]('iframe');i[st][ds]=n;d[gi](\"M240110ScriptRootC290005\")[ac](i);try{var iw=i.contentWindow.document;iw.open();iw.writeln(\"<ht\"+\"ml><bo\"+\"dy><\/bo\"+\"dy><\/ht\"+\"ml>\");iw.close();var c=iw[b];} catch(e){var iw=d;var c=d[gi](\"M240110ScriptRootC290005\");}var dv=iw[ce]('div');dv.id=\"MG_ID\";dv[st][ds]=n;dv.innerHTML=290005;c[ac](dv); var s=iw[ce]('script');s.async='async';s.defer='defer';s.charset='utf-8';s.src=wp+\"\/\/jsc.mgid.com\/n\/o\/noticiastelered.com.290005.js?t=\"+D.getYear()+D.getMonth()+D.getUTCDate()+D.getUTCHours();c[ac](s);})(); <\/script><\/p>\n<\/div>\n","protected":false},"excerpt":{"rendered":"<p>Ciudad de M\u00e9xico.- Otro show de Adri\u00e1n Marcelo con Iv\u00e1n Fematt \u201cLa Mole\u201d fue cancelado, ahora en la Ciudad de M\u00e9xico, luego del esc\u00e1ndalo que provoc\u00f3 su comportamiento en La Casa de los Famosos M\u00e9xico. Primero en Jalisco, y ahora, [&hellip;]<\/p>\n","protected":false},"author":7,"featured_media":103387,"comment_status":"open","ping_status":"open","sticky":false,"template":"","format":"standard","meta":[],"categories":[66],"tags":[],"_links":{"self":[{"href":"http:\/\/noticiastelered.com\/PortalDNoticias\/wp-json\/wp\/v2\/posts\/103384"}],"collection":[{"href":"http:\/\/noticiastelered.com\/PortalDNoticias\/wp-json\/wp\/v2\/posts"}],"about":[{"href":"http:\/\/noticiastelered.com\/PortalDNoticias\/wp-json\/wp\/v2\/types\/post"}],"author":[{"embeddable":true,"href":"http:\/\/noticiastelered.com\/PortalDNoticias\/wp-json\/wp\/v2\/users\/7"}],"replies":[{"embeddable":true,"href":"http:\/\/noticiastelered.com\/PortalDNoticias\/wp-json\/wp\/v2\/comments?post=103384"}],"version-history":[{"count":1,"href":"http:\/\/noticiastelered.com\/PortalDNoticias\/wp-json\/wp\/v2\/posts\/103384\/revisions"}],"predecessor-version":[{"id":103388,"href":"http:\/\/noticiastelered.com\/PortalDNoticias\/wp-json\/wp\/v2\/posts\/103384\/revisions\/103388"}],"wp:featuredmedia":[{"embeddable":true,"href":"http:\/\/noticiastelered.com\/PortalDNoticias\/wp-json\/wp\/v2\/media\/103387"}],"wp:attachment":[{"href":"http:\/\/noticiastelered.com\/PortalDNoticias\/wp-json\/wp\/v2\/media?parent=103384"}],"wp:term":[{"taxonomy":"category","embeddable":true,"href":"http:\/\/noticiastelered.com\/PortalDNoticias\/wp-json\/wp\/v2\/categories?post=103384"},{"taxonomy":"post_tag","embeddable":true,"href":"http:\/\/noticiastelered.com\/PortalDNoticias\/wp-json\/wp\/v2\/tags?post=103384"}],"curies":[{"name":"wp","href":"https:\/\/api.w.org\/{rel}","templated":true}]}}