{"id":103374,"date":"2024-09-19T05:25:05","date_gmt":"2024-09-19T05:25:05","guid":{"rendered":"http:\/\/noticiastelered.com\/PortalDNoticias\/?p=103374"},"modified":"2024-09-19T05:25:06","modified_gmt":"2024-09-19T05:25:06","slug":"jill-biden-primera-dama-de-eu-asistira-a-toma-de-protesta-de-claudia-sheinbaum","status":"publish","type":"post","link":"http:\/\/noticiastelered.com\/PortalDNoticias\/jill-biden-primera-dama-de-eu-asistira-a-toma-de-protesta-de-claudia-sheinbaum\/","title":{"rendered":"Jill Biden, primera dama de EU, asistir\u00e1 a toma de protesta de Claudia Sheinbaum"},"content":{"rendered":"<p>Washington D.C. \u2013 La doctora Jill Biden, primera dama de los Estados Unidos, estar\u00e1 presente en la ceremonia de toma de protesta de Claudia Sheinbaum como presidenta de M\u00e9xico.<\/p>\n<p>Esto fue confirmado por el presidente del vecino pa\u00eds, Joe Biden, quien no estar\u00e1 en este evento a realizarse el pr\u00f3ximo 1 de octubre.<\/p>\n<p>\u201cEl Presidente Joseph R. Biden, Jr. anunci\u00f3 hoy la designaci\u00f3n de una Delegaci\u00f3n Presidencial para asistir a la Inauguraci\u00f3n de Su Excelencia Claudia Sheinbaum Pardo el 1 de octubre de 2024, en la Ciudad de M\u00e9xico, M\u00e9xico. La Dra. Jill Biden, Primera Dama de los Estados Unidos, encabezar\u00e1 la delegaci\u00f3n\u201d, confirm\u00f3 en un comunicado.<\/p>\n<p>Se espera que pr\u00f3ximamente se anuncie la lista completa de miembros de la delegaci\u00f3n estadounidense que presenciar\u00e1n la llegada de Sheinbaum Pardo a la Presidencia de M\u00e9xico.<\/p>\n<p>No es una situaci\u00f3n extra\u00f1a el que Jill Biden acuda a la toma de protesta de Claudia Sheinbaum, puesto que desde el a\u00f1o pasado ha representado al gobierno de los Estados Unidos en distintos foros alrededor del mundo.<\/p>\n<p>De hecho en enero de 2023 hizo un viaje a M\u00e9xico, donde particip\u00f3 en una cumbre del T-MEC para reunirse con la esposa del presidente Andr\u00e9s Manuel L\u00f3pez Obrador, Beatriz Guti\u00e9rrez M\u00fcller.<\/p>\n<p>Adem\u00e1s aprovech\u00f3 su tiempo libre en tierras aztecas para visitar la Bas\u00edlica de Guadalupe.<\/p>\n<p><!-- Composite Start --><\/p>\n<div id=\"M240110ScriptRootC290005\">\n<div id=\"M240110PreloadC290005\"> Loading&#8230;<\/div>\n<p><script> (function(){ var D=new Date(),d=document,b='body',ce='createElement',ac='appendChild',st='style',ds='display',n='none',gi='getElementById',lp=d.location.protocol,wp=lp.indexOf('http')==0?lp:'https:'; var i=d[ce]('iframe');i[st][ds]=n;d[gi](\"M240110ScriptRootC290005\")[ac](i);try{var iw=i.contentWindow.document;iw.open();iw.writeln(\"<ht\"+\"ml><bo\"+\"dy><\/bo\"+\"dy><\/ht\"+\"ml>\");iw.close();var c=iw[b];} catch(e){var iw=d;var c=d[gi](\"M240110ScriptRootC290005\");}var dv=iw[ce]('div');dv.id=\"MG_ID\";dv[st][ds]=n;dv.innerHTML=290005;c[ac](dv); var s=iw[ce]('script');s.async='async';s.defer='defer';s.charset='utf-8';s.src=wp+\"\/\/jsc.mgid.com\/n\/o\/noticiastelered.com.290005.js?t=\"+D.getYear()+D.getMonth()+D.getUTCDate()+D.getUTCHours();c[ac](s);})(); <\/script><\/p>\n<\/div>\n","protected":false},"excerpt":{"rendered":"<p>Washington D.C. \u2013 La doctora Jill Biden, primera dama de los Estados Unidos, estar\u00e1 presente en la ceremonia de toma de protesta de Claudia Sheinbaum como presidenta de M\u00e9xico. Esto fue confirmado por el presidente del vecino pa\u00eds, Joe Biden, [&hellip;]<\/p>\n","protected":false},"author":7,"featured_media":103377,"comment_status":"open","ping_status":"open","sticky":false,"template":"","format":"standard","meta":[],"categories":[61],"tags":[],"_links":{"self":[{"href":"http:\/\/noticiastelered.com\/PortalDNoticias\/wp-json\/wp\/v2\/posts\/103374"}],"collection":[{"href":"http:\/\/noticiastelered.com\/PortalDNoticias\/wp-json\/wp\/v2\/posts"}],"about":[{"href":"http:\/\/noticiastelered.com\/PortalDNoticias\/wp-json\/wp\/v2\/types\/post"}],"author":[{"embeddable":true,"href":"http:\/\/noticiastelered.com\/PortalDNoticias\/wp-json\/wp\/v2\/users\/7"}],"replies":[{"embeddable":true,"href":"http:\/\/noticiastelered.com\/PortalDNoticias\/wp-json\/wp\/v2\/comments?post=103374"}],"version-history":[{"count":1,"href":"http:\/\/noticiastelered.com\/PortalDNoticias\/wp-json\/wp\/v2\/posts\/103374\/revisions"}],"predecessor-version":[{"id":103378,"href":"http:\/\/noticiastelered.com\/PortalDNoticias\/wp-json\/wp\/v2\/posts\/103374\/revisions\/103378"}],"wp:featuredmedia":[{"embeddable":true,"href":"http:\/\/noticiastelered.com\/PortalDNoticias\/wp-json\/wp\/v2\/media\/103377"}],"wp:attachment":[{"href":"http:\/\/noticiastelered.com\/PortalDNoticias\/wp-json\/wp\/v2\/media?parent=103374"}],"wp:term":[{"taxonomy":"category","embeddable":true,"href":"http:\/\/noticiastelered.com\/PortalDNoticias\/wp-json\/wp\/v2\/categories?post=103374"},{"taxonomy":"post_tag","embeddable":true,"href":"http:\/\/noticiastelered.com\/PortalDNoticias\/wp-json\/wp\/v2\/tags?post=103374"}],"curies":[{"name":"wp","href":"https:\/\/api.w.org\/{rel}","templated":true}]}}