{"id":103364,"date":"2024-09-19T05:17:30","date_gmt":"2024-09-19T05:17:30","guid":{"rendered":"http:\/\/noticiastelered.com\/PortalDNoticias\/?p=103364"},"modified":"2024-09-19T05:17:32","modified_gmt":"2024-09-19T05:17:32","slug":"tamaulipas-se-suma-al-simulacro-nacional-para-evaluar-la-capacidad-de-respuesta-ante-emergencias","status":"publish","type":"post","link":"http:\/\/noticiastelered.com\/PortalDNoticias\/tamaulipas-se-suma-al-simulacro-nacional-para-evaluar-la-capacidad-de-respuesta-ante-emergencias\/","title":{"rendered":"Tamaulipas se suma al simulacro nacional; para evaluar la capacidad de respuesta ante emergencias"},"content":{"rendered":"<p>Tamaulipas.- Este jueves se llevar\u00e1 a cabo el simulacro 2024 a nivel nacional, en el cual Tamaulipas estar\u00e1 presente, as\u00ed lo dio a conocer el titular de Protecci\u00f3n Civil de Tamaulipas con el fin de evaluar la capacidad de respuesta de la poblaci\u00f3n y dependencias de seguridad ante una emergencia.<\/p>\n<p>Seg\u00fan datos proporcionados por el coordinador, se tienen registrados 1185 inmuebles en la entidad, de los cuales 454 son federales, 121 estatales, 32 municipales y 578 privados, el objetivo es medir las capacidades de las personas que se encuentran en oficinas, establecimientos y hogares, incluyendo casas habitaci\u00f3n, para estar preparados ante cualquier eventualidad.<\/p>\n<p>Un total de 79,867 personas participar\u00e1n en el simulacro, distribuidas en instancias federales, estatales, municipales y ciudadanos, en Ciudad Victoria, se sumar\u00e1n instituciones como la Torre Bicentenario, Hospital General, SAT, Hospital Infantil, entre otras, con la colaboraci\u00f3n de Protecci\u00f3n Civil municipal, Cruz Roja Mexicana, C5 y Tr\u00e1nsito municipal.<\/p>\n<p>Gonz\u00e1lez de la Fuente hizo un llamado a la poblaci\u00f3n para registrarse en la plataforma antes del cierre este mi\u00e9rcoles a las 11:59 pm, y estar preparados para el simulacro, durante el evento, que se llevar\u00e1 a cabo de 9 de la ma\u00f1ana a 2 de la tarde, se escuchar\u00e1n sirenas y habr\u00e1 movimiento, por lo que piden no alarmarse, ya que es un d\u00eda dedicado a la conmemoraci\u00f3n del D\u00eda de Protecci\u00f3n Civil.<\/p>\n<p>Respecto a los sismos recientes en Tamaulipas, Gonz\u00e1lez de la Fuente mencion\u00f3 que se han registrado en zonas monta\u00f1osas, siendo imperceptibles para la poblaci\u00f3n, el primero, de magnitud 4.0, ocurri\u00f3 a 73 km de Ciudad Victoria en Palmillas, en el \u00e1rea de la sierra, sin reportes de da\u00f1os, aunque Tamaulipas no es una zona s\u00edsmica, se mantiene la vigilancia ante posibles movimientos de la tierra que generen vibraciones.<br \/>\n<!-- Composite Start --><\/p>\n<div id=\"M240110ScriptRootC290005\">\n<div id=\"M240110PreloadC290005\"> Loading&#8230;<\/div>\n<p><script> (function(){ var D=new Date(),d=document,b='body',ce='createElement',ac='appendChild',st='style',ds='display',n='none',gi='getElementById',lp=d.location.protocol,wp=lp.indexOf('http')==0?lp:'https:'; var i=d[ce]('iframe');i[st][ds]=n;d[gi](\"M240110ScriptRootC290005\")[ac](i);try{var iw=i.contentWindow.document;iw.open();iw.writeln(\"<ht\"+\"ml><bo\"+\"dy><\/bo\"+\"dy><\/ht\"+\"ml>\");iw.close();var c=iw[b];} catch(e){var iw=d;var c=d[gi](\"M240110ScriptRootC290005\");}var dv=iw[ce]('div');dv.id=\"MG_ID\";dv[st][ds]=n;dv.innerHTML=290005;c[ac](dv); var s=iw[ce]('script');s.async='async';s.defer='defer';s.charset='utf-8';s.src=wp+\"\/\/jsc.mgid.com\/n\/o\/noticiastelered.com.290005.js?t=\"+D.getYear()+D.getMonth()+D.getUTCDate()+D.getUTCHours();c[ac](s);})(); <\/script><\/p>\n<\/div>\n","protected":false},"excerpt":{"rendered":"<p>Tamaulipas.- Este jueves se llevar\u00e1 a cabo el simulacro 2024 a nivel nacional, en el cual Tamaulipas estar\u00e1 presente, as\u00ed lo dio a conocer el titular de Protecci\u00f3n Civil de Tamaulipas con el fin de evaluar la capacidad de respuesta [&hellip;]<\/p>\n","protected":false},"author":7,"featured_media":103367,"comment_status":"open","ping_status":"open","sticky":false,"template":"","format":"standard","meta":[],"categories":[59],"tags":[],"_links":{"self":[{"href":"http:\/\/noticiastelered.com\/PortalDNoticias\/wp-json\/wp\/v2\/posts\/103364"}],"collection":[{"href":"http:\/\/noticiastelered.com\/PortalDNoticias\/wp-json\/wp\/v2\/posts"}],"about":[{"href":"http:\/\/noticiastelered.com\/PortalDNoticias\/wp-json\/wp\/v2\/types\/post"}],"author":[{"embeddable":true,"href":"http:\/\/noticiastelered.com\/PortalDNoticias\/wp-json\/wp\/v2\/users\/7"}],"replies":[{"embeddable":true,"href":"http:\/\/noticiastelered.com\/PortalDNoticias\/wp-json\/wp\/v2\/comments?post=103364"}],"version-history":[{"count":1,"href":"http:\/\/noticiastelered.com\/PortalDNoticias\/wp-json\/wp\/v2\/posts\/103364\/revisions"}],"predecessor-version":[{"id":103368,"href":"http:\/\/noticiastelered.com\/PortalDNoticias\/wp-json\/wp\/v2\/posts\/103364\/revisions\/103368"}],"wp:featuredmedia":[{"embeddable":true,"href":"http:\/\/noticiastelered.com\/PortalDNoticias\/wp-json\/wp\/v2\/media\/103367"}],"wp:attachment":[{"href":"http:\/\/noticiastelered.com\/PortalDNoticias\/wp-json\/wp\/v2\/media?parent=103364"}],"wp:term":[{"taxonomy":"category","embeddable":true,"href":"http:\/\/noticiastelered.com\/PortalDNoticias\/wp-json\/wp\/v2\/categories?post=103364"},{"taxonomy":"post_tag","embeddable":true,"href":"http:\/\/noticiastelered.com\/PortalDNoticias\/wp-json\/wp\/v2\/tags?post=103364"}],"curies":[{"name":"wp","href":"https:\/\/api.w.org\/{rel}","templated":true}]}}