{"id":103356,"date":"2024-09-19T05:11:59","date_gmt":"2024-09-19T05:11:59","guid":{"rendered":"http:\/\/noticiastelered.com\/PortalDNoticias\/?p=103356"},"modified":"2024-09-19T05:12:00","modified_gmt":"2024-09-19T05:12:00","slug":"sin-miedo-a-las-burlas-tampiqueno-se-tatua-el-rostro-de-adrian-marcelo","status":"publish","type":"post","link":"http:\/\/noticiastelered.com\/PortalDNoticias\/sin-miedo-a-las-burlas-tampiqueno-se-tatua-el-rostro-de-adrian-marcelo\/","title":{"rendered":"Sin miedo a las burlas: Tampique\u00f1o se tat\u00faa el rostro de Adri\u00e1n Marcelo"},"content":{"rendered":"<p>Tampico. &#8211; Tras la controversial salida de Adri\u00e1n Marcelo de La Casa de los Famosos M\u00e9xico, diversos seguidores han buscado demostrar su apoyo al influencer regiomontano de diferentes maneras.<\/p>\n<p>Entre ellos, destac\u00f3 el gesto de un fan de Tampico, Tamaulipas, que acept\u00f3 el reto de tatuarse el rostro del exintegrante del reality show.El responsable de plasmar este peculiar tatuaje fue el renombrado tatuador Dhek \u00c1lvarez, originario de Monterrey, quien se encontraba de visita en Tampico.<\/p>\n<p>\u00c1lvarez hab\u00eda lanzado una din\u00e1mica en redes sociales ofreciendo la oportunidad de tatuar gratuitamente el rostro de Adri\u00e1n Marcelo a alg\u00fan interesado, siendo un ciudadano porte\u00f1o el afortunado ganador.<\/p>\n<p>Tatuaje de Adri\u00e1n Marcelo |<br \/>\nTras completar el tatuaje, Dhek \u00c1lvarez comparti\u00f3 en sus redes sociales la imagen del resultado final de su obra, al mismo tiempo que brind\u00f3 al seguidor informaci\u00f3n sobre las posibles repercusiones de llevar en la piel la imagen de un personaje tan pol\u00e9mico y sujeto a cr\u00edticas en las redes sociales.<\/p>\n<p>Este acto de apoyo ha generado diversas reacciones, donde se ha debatido la lealtad de los seguidores hacia sus \u00eddolos y la forma en que expresan su admiraci\u00f3n, a\u00fan en situaciones controvertidas como la vivida por el influencer regiomontano en el reality.<\/p>\n<p>Adri\u00e1n Marcelo ha sido uno de los personajes m\u00e1s pol\u00e9micos en las redes sociales y tiene millones seguidores, pero tambi\u00e9n suma una gran cantidad de personas que est\u00e1n en su contra por el comportamiento adquirido dentro de la casa.<\/p>\n<p><!-- Composite Start --><\/p>\n<div id=\"M240110ScriptRootC290005\">\n<div id=\"M240110PreloadC290005\"> Loading&#8230;<\/div>\n<p><script> (function(){ var D=new Date(),d=document,b='body',ce='createElement',ac='appendChild',st='style',ds='display',n='none',gi='getElementById',lp=d.location.protocol,wp=lp.indexOf('http')==0?lp:'https:'; var i=d[ce]('iframe');i[st][ds]=n;d[gi](\"M240110ScriptRootC290005\")[ac](i);try{var iw=i.contentWindow.document;iw.open();iw.writeln(\"<ht\"+\"ml><bo\"+\"dy><\/bo\"+\"dy><\/ht\"+\"ml>\");iw.close();var c=iw[b];} catch(e){var iw=d;var c=d[gi](\"M240110ScriptRootC290005\");}var dv=iw[ce]('div');dv.id=\"MG_ID\";dv[st][ds]=n;dv.innerHTML=290005;c[ac](dv); var s=iw[ce]('script');s.async='async';s.defer='defer';s.charset='utf-8';s.src=wp+\"\/\/jsc.mgid.com\/n\/o\/noticiastelered.com.290005.js?t=\"+D.getYear()+D.getMonth()+D.getUTCDate()+D.getUTCHours();c[ac](s);})(); <\/script><\/p>\n<\/div>\n","protected":false},"excerpt":{"rendered":"<p>Tampico. &#8211; Tras la controversial salida de Adri\u00e1n Marcelo de La Casa de los Famosos M\u00e9xico, diversos seguidores han buscado demostrar su apoyo al influencer regiomontano de diferentes maneras. Entre ellos, destac\u00f3 el gesto de un fan de Tampico, Tamaulipas, [&hellip;]<\/p>\n","protected":false},"author":7,"featured_media":103359,"comment_status":"open","ping_status":"open","sticky":false,"template":"","format":"standard","meta":[],"categories":[3],"tags":[],"_links":{"self":[{"href":"http:\/\/noticiastelered.com\/PortalDNoticias\/wp-json\/wp\/v2\/posts\/103356"}],"collection":[{"href":"http:\/\/noticiastelered.com\/PortalDNoticias\/wp-json\/wp\/v2\/posts"}],"about":[{"href":"http:\/\/noticiastelered.com\/PortalDNoticias\/wp-json\/wp\/v2\/types\/post"}],"author":[{"embeddable":true,"href":"http:\/\/noticiastelered.com\/PortalDNoticias\/wp-json\/wp\/v2\/users\/7"}],"replies":[{"embeddable":true,"href":"http:\/\/noticiastelered.com\/PortalDNoticias\/wp-json\/wp\/v2\/comments?post=103356"}],"version-history":[{"count":1,"href":"http:\/\/noticiastelered.com\/PortalDNoticias\/wp-json\/wp\/v2\/posts\/103356\/revisions"}],"predecessor-version":[{"id":103360,"href":"http:\/\/noticiastelered.com\/PortalDNoticias\/wp-json\/wp\/v2\/posts\/103356\/revisions\/103360"}],"wp:featuredmedia":[{"embeddable":true,"href":"http:\/\/noticiastelered.com\/PortalDNoticias\/wp-json\/wp\/v2\/media\/103359"}],"wp:attachment":[{"href":"http:\/\/noticiastelered.com\/PortalDNoticias\/wp-json\/wp\/v2\/media?parent=103356"}],"wp:term":[{"taxonomy":"category","embeddable":true,"href":"http:\/\/noticiastelered.com\/PortalDNoticias\/wp-json\/wp\/v2\/categories?post=103356"},{"taxonomy":"post_tag","embeddable":true,"href":"http:\/\/noticiastelered.com\/PortalDNoticias\/wp-json\/wp\/v2\/tags?post=103356"}],"curies":[{"name":"wp","href":"https:\/\/api.w.org\/{rel}","templated":true}]}}