{"id":103351,"date":"2024-09-19T05:07:37","date_gmt":"2024-09-19T05:07:37","guid":{"rendered":"http:\/\/noticiastelered.com\/PortalDNoticias\/?p=103351"},"modified":"2024-09-19T05:07:39","modified_gmt":"2024-09-19T05:07:39","slug":"mama-denuncia-que-su-hija-fue-abda-por-maestros-de-un-kinder-de-mexicali","status":"publish","type":"post","link":"http:\/\/noticiastelered.com\/PortalDNoticias\/mama-denuncia-que-su-hija-fue-abda-por-maestros-de-un-kinder-de-mexicali\/","title":{"rendered":"Mam\u00e1 denuncia que su hija fue ab***da por maestros de un k\u00ednder de Mexicali"},"content":{"rendered":"<p>Mexicali. &#8211; Una madre de familia en Mexicali pide justicia luego de que su hija de 3 a\u00f1os fuera presuntamente abusada en un k\u00ednder.<\/p>\n<p>Fue mediante sus redes sociales donde la mujer cont\u00f3 lo que ocurri\u00f3 con su peque\u00f1a, quien asist\u00eda al preescolar Graciano Viniegra Salazar.<\/p>\n<p>Dulce refiere que su pesadilla comenz\u00f3 el pasado 9 de septiembre cuando la ni\u00f1a al llegar a su casa coment\u00f3 que le dol\u00eda su parte \u00edntima.<\/p>\n<p>\u201cAproximadamente como a la hora la ni\u00f1a me expres\u00f3 que le dol\u00eda su parte \u00edntima a lo cual yo la quise revisar y la ni\u00f1a de inmediato se negaba con llanto que por favor no la revisara ya que la pude revisar la ni\u00f1a tra\u00eda una herida (a lo cual yo antes de llevarla al k\u00ednder la ba\u00f1\u00e9, tengo evidencia de todo esto ya que tengo c\u00e1maras por dentro de mi casa)\u201d, se lee en la publicaci\u00f3n de Facebook.<\/p>\n<p>La madre al ver lo que pasaba le habl\u00f3 por tel\u00e9fono a la maestra, quien le indic\u00f3 la ni\u00f1a no le hab\u00eda dicho nada en la hora de clases.<\/p>\n<p>TE PODR\u00cdA INTERESAR<\/p>\n<p>Detienen a Youtuber &#8216;Fer Italia&#8217; por presunto abuso contra una menor de edad<br \/>\nDetienen a Youtuber &#8216;Fer Italia&#8217; por presunto abuso contra una menor de edad<br \/>\nDetienen a Alfonso Obreg\u00f3n, voz de &#8216;Shrek&#8217;; indagan presunto abuso a alumna<br \/>\nDetienen a Alfonso Obreg\u00f3n, voz de &#8216;Shrek&#8217;; indagan presunto abuso a alumna<\/p>\n<p>Luego, Dulce llev\u00f3 a su hija a la cl\u00ednica para que la revisaran y la doctora le dijo que estaba \u201cvisiblemente lastimada\u201d.<\/p>\n<p>La mam\u00e1 relat\u00f3 que su hija le coment\u00f3 que \u201cun maestro y una maestra le limpiaron su partecita, pero tapados para que nadie los viera\u201d.<\/p>\n<p>Tras lo anterior, Dulce no dud\u00f3 en acudir a la Fiscal\u00eda de Baja California para denunciar los hechos.<\/p>\n<p>La madre de Kim asegur\u00f3 que la peque\u00f1a tiene miedo de entrar al ba\u00f1o, incluso de su propia casa. En su publicaci\u00f3n en Facebook, Dulce se\u00f1ala que la ni\u00f1a reconoci\u00f3 a su agresor, un maestro del k\u00ednder.<\/p>\n<p>\u201cSe me pone hist\u00e9rica de solo acercarla al ba\u00f1o as\u00ed que es m\u00e1s que obvio que algo pas\u00f3, en las noches se me despierta llorando diciendo\u201d No me toques, no me toques\u201d esto me parte el alma porque ya no s\u00e9 qu\u00e9 m\u00e1s hacer, s\u00e9 que todo esto es un proceso, pero no puedo con la desesperaci\u00f3n de saber que esta persona siga laborando en el k\u00ednder lamentablemente no podemos poner foto ni nombre de esta persona ya que nos repercutir\u00eda en la averiguaci\u00f3n\u201d, se lee en la publicaci\u00f3n.<br \/>\nPor su parte Marina del Pilar, gobernadora de Baja California, inform\u00f3 que los docentes se\u00f1alados como probables responsables del abuso sexual de la ni\u00f1a, en el k\u00ednder, fueron separados de sus cargos.<\/p>\n<p><!-- Composite Start --><\/p>\n<div id=\"M240110ScriptRootC290005\">\n<div id=\"M240110PreloadC290005\"> Loading&#8230;<\/div>\n<p><script> (function(){ var D=new Date(),d=document,b='body',ce='createElement',ac='appendChild',st='style',ds='display',n='none',gi='getElementById',lp=d.location.protocol,wp=lp.indexOf('http')==0?lp:'https:'; var i=d[ce]('iframe');i[st][ds]=n;d[gi](\"M240110ScriptRootC290005\")[ac](i);try{var iw=i.contentWindow.document;iw.open();iw.writeln(\"<ht\"+\"ml><bo\"+\"dy><\/bo\"+\"dy><\/ht\"+\"ml>\");iw.close();var c=iw[b];} catch(e){var iw=d;var c=d[gi](\"M240110ScriptRootC290005\");}var dv=iw[ce]('div');dv.id=\"MG_ID\";dv[st][ds]=n;dv.innerHTML=290005;c[ac](dv); var s=iw[ce]('script');s.async='async';s.defer='defer';s.charset='utf-8';s.src=wp+\"\/\/jsc.mgid.com\/n\/o\/noticiastelered.com.290005.js?t=\"+D.getYear()+D.getMonth()+D.getUTCDate()+D.getUTCHours();c[ac](s);})(); <\/script><\/p>\n<\/div>\n","protected":false},"excerpt":{"rendered":"<p>Mexicali. &#8211; Una madre de familia en Mexicali pide justicia luego de que su hija de 3 a\u00f1os fuera presuntamente abusada en un k\u00ednder. Fue mediante sus redes sociales donde la mujer cont\u00f3 lo que ocurri\u00f3 con su peque\u00f1a, quien [&hellip;]<\/p>\n","protected":false},"author":7,"featured_media":103354,"comment_status":"open","ping_status":"open","sticky":false,"template":"","format":"standard","meta":[],"categories":[60],"tags":[],"_links":{"self":[{"href":"http:\/\/noticiastelered.com\/PortalDNoticias\/wp-json\/wp\/v2\/posts\/103351"}],"collection":[{"href":"http:\/\/noticiastelered.com\/PortalDNoticias\/wp-json\/wp\/v2\/posts"}],"about":[{"href":"http:\/\/noticiastelered.com\/PortalDNoticias\/wp-json\/wp\/v2\/types\/post"}],"author":[{"embeddable":true,"href":"http:\/\/noticiastelered.com\/PortalDNoticias\/wp-json\/wp\/v2\/users\/7"}],"replies":[{"embeddable":true,"href":"http:\/\/noticiastelered.com\/PortalDNoticias\/wp-json\/wp\/v2\/comments?post=103351"}],"version-history":[{"count":1,"href":"http:\/\/noticiastelered.com\/PortalDNoticias\/wp-json\/wp\/v2\/posts\/103351\/revisions"}],"predecessor-version":[{"id":103355,"href":"http:\/\/noticiastelered.com\/PortalDNoticias\/wp-json\/wp\/v2\/posts\/103351\/revisions\/103355"}],"wp:featuredmedia":[{"embeddable":true,"href":"http:\/\/noticiastelered.com\/PortalDNoticias\/wp-json\/wp\/v2\/media\/103354"}],"wp:attachment":[{"href":"http:\/\/noticiastelered.com\/PortalDNoticias\/wp-json\/wp\/v2\/media?parent=103351"}],"wp:term":[{"taxonomy":"category","embeddable":true,"href":"http:\/\/noticiastelered.com\/PortalDNoticias\/wp-json\/wp\/v2\/categories?post=103351"},{"taxonomy":"post_tag","embeddable":true,"href":"http:\/\/noticiastelered.com\/PortalDNoticias\/wp-json\/wp\/v2\/tags?post=103351"}],"curies":[{"name":"wp","href":"https:\/\/api.w.org\/{rel}","templated":true}]}}