{"id":103346,"date":"2024-09-19T05:03:05","date_gmt":"2024-09-19T05:03:05","guid":{"rendered":"http:\/\/noticiastelered.com\/PortalDNoticias\/?p=103346"},"modified":"2024-09-19T05:03:06","modified_gmt":"2024-09-19T05:03:06","slug":"la-violencia-en-sinaloa-es-una-propaganda-de-sensacionalismo-y-alarma-amlo","status":"publish","type":"post","link":"http:\/\/noticiastelered.com\/PortalDNoticias\/la-violencia-en-sinaloa-es-una-propaganda-de-sensacionalismo-y-alarma-amlo\/","title":{"rendered":"La violencia en Sinaloa es una propaganda de sensacionalismo y alarma: AMLO"},"content":{"rendered":"<p>ABC Noticias &#8211; Main Logo<br \/>\nMenu Pincipal<br \/>\nLa violencia en Sinaloa es una propaganda de sensacionalismo y alarma: AMLO<br \/>\nEn la ma\u00f1anera del d\u00eda de hoy, el presidente de AMLO se\u00f1al\u00f3 a los medios de comunicaci\u00f3n y a las redes sociales de que est\u00e1n difundiendo mentiras para desprestigiar su gobierno, con la situaci\u00f3n que est\u00e1 viviendo Sinaloa.<\/p>\n<p>AMLO afirma que est\u00e1n haciendo propaganda en su contra.<br \/>\nAMLO afirma que est\u00e1n haciendo propaganda en su contra.<\/p>\n<p>Ciudad de M\u00e9xico.-  El a\u00fan presidente Andr\u00e9s Manuel L\u00f3pez Obrador indic\u00f3 que la ola de violencia que se vive en Sinaloa es una propaganda en su contra.<\/p>\n<p>Esto durante su conferencia ma\u00f1anera de este mi\u00e9rcoles 18 de septiembre, donde tambi\u00e9n se\u00f1al\u00f3 que los actos de violencia que azotan a los ciudadanos de dicho estado, aunado a las 39 v\u00edctimas mortales en dichos enfrentamientos, est\u00e1n envueltas en una propaganda de sensacionalismos alarmistas que buscan inducir el miedo a la poblaci\u00f3n del estado.<\/p>\n<p>\u201cSobre Sinaloa, lo dije ayer, est\u00e1 envuelta en una propaganda de mentiras, de sensacionalismos, de alarma para inducir miedo a la poblaci\u00f3n, todo esto promovido por nuestros adversarios, as\u00ed de sencillo.\u201d<\/p>\n<p>Tambi\u00e9n se\u00f1al\u00f3 que los medios y las redes sociales son quienes buscan desprestigiar a su gobierno y persona con noticias como las declaraciones del expresidente Ernesto Cedillo o la difusi\u00f3n de la carta redactada por el ex secretario de seguridad, ahora preso en Estados Unidos, Genaro Garc\u00eda Luna.<\/p>\n<p>\u201cUstedes ven en los peri\u00f3dicos y las redes sociales y tienen el tema de Sinaloa, pues es como el tema de Cedillo, como el tema de Garc\u00eda Luna, y del narco presidente AMLO, son sus temas, la verdad es una campa\u00f1a que intenta desprestigiar al gobierno que represento, a mi persona y no han podido ni podr\u00e1n.\u201d<\/p>\n<p>Durante su discurso L\u00f3pez Obrador, mostr\u00f3 una gr\u00e1fica con informaci\u00f3n sobre los enfrentamientos y decesos durante los mismos, donde se\u00f1ala que en 2011, bajo el sexenio del expresidente, Felipe Calder\u00f3n, se tuvo la cantidad de 2,942 enfrentamientos, donde murieron 3,600 civiles y 3,334 civiles resultaron heridos y detenidos, mientras que, en lo que va de su periodo presidencial solamente registra 2,433 enfrentamientos entre fuerzas armadas y civiles, en los cuales se tuvo la baja de  1,528 civiles y 2,684 resultaron heridos y detenidos.<\/p>\n<p>\u201cEn 2011 cuando estaba la guerra contra el narcotr\u00e1fico, cuando declara Calder\u00f3n la guerra contra el narcotr\u00e1fico es cuando hay m\u00e1s masacres, cuando se eleva el \u00edndice de letalidad cuando hay en los enfrentamientos m\u00e1s muertos y heridos que detenidos, en 2011, en enfrentamientos 1412 fallecidos, asesinados, civiles heridos y detenidos 1127, es decir m\u00e1s muertos que detenidos.\u201d<\/p>\n<p><!-- Composite Start --><\/p>\n<div id=\"M240110ScriptRootC290005\">\n<div id=\"M240110PreloadC290005\"> Loading&#8230;<\/div>\n<p><script> (function(){ var D=new Date(),d=document,b='body',ce='createElement',ac='appendChild',st='style',ds='display',n='none',gi='getElementById',lp=d.location.protocol,wp=lp.indexOf('http')==0?lp:'https:'; var i=d[ce]('iframe');i[st][ds]=n;d[gi](\"M240110ScriptRootC290005\")[ac](i);try{var iw=i.contentWindow.document;iw.open();iw.writeln(\"<ht\"+\"ml><bo\"+\"dy><\/bo\"+\"dy><\/ht\"+\"ml>\");iw.close();var c=iw[b];} catch(e){var iw=d;var c=d[gi](\"M240110ScriptRootC290005\");}var dv=iw[ce]('div');dv.id=\"MG_ID\";dv[st][ds]=n;dv.innerHTML=290005;c[ac](dv); var s=iw[ce]('script');s.async='async';s.defer='defer';s.charset='utf-8';s.src=wp+\"\/\/jsc.mgid.com\/n\/o\/noticiastelered.com.290005.js?t=\"+D.getYear()+D.getMonth()+D.getUTCDate()+D.getUTCHours();c[ac](s);})(); <\/script><\/p>\n<\/div>\n","protected":false},"excerpt":{"rendered":"<p>ABC Noticias &#8211; Main Logo Menu Pincipal La violencia en Sinaloa es una propaganda de sensacionalismo y alarma: AMLO En la ma\u00f1anera del d\u00eda de hoy, el presidente de AMLO se\u00f1al\u00f3 a los medios de comunicaci\u00f3n y a las redes [&hellip;]<\/p>\n","protected":false},"author":7,"featured_media":103349,"comment_status":"open","ping_status":"open","sticky":false,"template":"","format":"standard","meta":[],"categories":[60],"tags":[],"_links":{"self":[{"href":"http:\/\/noticiastelered.com\/PortalDNoticias\/wp-json\/wp\/v2\/posts\/103346"}],"collection":[{"href":"http:\/\/noticiastelered.com\/PortalDNoticias\/wp-json\/wp\/v2\/posts"}],"about":[{"href":"http:\/\/noticiastelered.com\/PortalDNoticias\/wp-json\/wp\/v2\/types\/post"}],"author":[{"embeddable":true,"href":"http:\/\/noticiastelered.com\/PortalDNoticias\/wp-json\/wp\/v2\/users\/7"}],"replies":[{"embeddable":true,"href":"http:\/\/noticiastelered.com\/PortalDNoticias\/wp-json\/wp\/v2\/comments?post=103346"}],"version-history":[{"count":1,"href":"http:\/\/noticiastelered.com\/PortalDNoticias\/wp-json\/wp\/v2\/posts\/103346\/revisions"}],"predecessor-version":[{"id":103350,"href":"http:\/\/noticiastelered.com\/PortalDNoticias\/wp-json\/wp\/v2\/posts\/103346\/revisions\/103350"}],"wp:featuredmedia":[{"embeddable":true,"href":"http:\/\/noticiastelered.com\/PortalDNoticias\/wp-json\/wp\/v2\/media\/103349"}],"wp:attachment":[{"href":"http:\/\/noticiastelered.com\/PortalDNoticias\/wp-json\/wp\/v2\/media?parent=103346"}],"wp:term":[{"taxonomy":"category","embeddable":true,"href":"http:\/\/noticiastelered.com\/PortalDNoticias\/wp-json\/wp\/v2\/categories?post=103346"},{"taxonomy":"post_tag","embeddable":true,"href":"http:\/\/noticiastelered.com\/PortalDNoticias\/wp-json\/wp\/v2\/tags?post=103346"}],"curies":[{"name":"wp","href":"https:\/\/api.w.org\/{rel}","templated":true}]}}