{"id":103335,"date":"2024-09-19T01:46:14","date_gmt":"2024-09-19T01:46:14","guid":{"rendered":"http:\/\/noticiastelered.com\/PortalDNoticias\/?p=103335"},"modified":"2024-09-19T01:46:15","modified_gmt":"2024-09-19T01:46:15","slug":"conferencia-de-prensa-aprobacion-de-la-reforma-constitucional-sobre-la-guardia-nacional-poder-total-a-las-fuerzas-armadas","status":"publish","type":"post","link":"http:\/\/noticiastelered.com\/PortalDNoticias\/conferencia-de-prensa-aprobacion-de-la-reforma-constitucional-sobre-la-guardia-nacional-poder-total-a-las-fuerzas-armadas\/","title":{"rendered":"Conferencia de prensa: Aprobaci\u00f3n de la Reforma Constitucional sobre la guardia nacional: poder total a las Fuerzas Armadas"},"content":{"rendered":"\n<p>19 de septiembre de 2024<\/p>\n\n\n\n<p>Antecedentes:<br>El 5 de febrero el Presidente de M\u00e9xico present\u00f3 una serie de reformas constitucionales que incluye una reforma a la Guardia Nacional para adscribirla a la Secretar\u00eda de la Defensa Nacional (Sedena). Esta iniciativa contempla otros elementos graves, como la posibilidad el Presidente de disponer de la Fuerza Armada permanente para labores de seguridad p\u00fablica en cualquier momento, la facultad de la Guardia Nacional para realizar labores de investigaci\u00f3n y la posibilidad de elaborar legislaci\u00f3n secundaria para regular la intervenci\u00f3n de las fuerzas armadas en labores de seguridad p\u00fablica.<\/p>\n\n\n\n<p>El 19 de septiembre, la iniciativa ser\u00e1 discutida en la C\u00e1mara de Diputados y, una vez aprobada, ser\u00eda enviada a la C\u00e1mara de Senadores, en donde una vez aprobada, ser\u00e1 promulgada antes del t\u00e9rmino del mandato del actual Presidente, consolidando con ello la militarizaci\u00f3n del pa\u00eds.<\/p>\n\n\n\n<p>Lugar: Centro Nacional de Comunicaci\u00f3n Social, A.C. (Cencos).<br>Calle Medell\u00edn 33, Col. Roma Norte, CDMX.<\/p>\n\n\n\n<p>Hora: 13:00 hrs.<\/p>\n\n\n\n<p>Participantes: Fundaci\u00f3n para la Justicia (FJEDD), M\u00e9xico Unido contra la Delincuencia (MUCD), Amnist\u00eda Internacional, Colectivo Hasta Encontrarte, Tejiendo Redes Infancia, Comit\u00e9 de Derechos Humanos de Nuevo Laredo, Intersecta, Impunidad Cero, JTMX, Data C\u00edvica.<\/p>\n","protected":false},"excerpt":{"rendered":"<p>19 de septiembre de 2024 Antecedentes:El 5 de febrero el Presidente de M\u00e9xico present\u00f3 una serie de reformas constitucionales que incluye una reforma a la Guardia Nacional para adscribirla a la Secretar\u00eda de la Defensa Nacional (Sedena). Esta iniciativa contempla [&hellip;]<\/p>\n","protected":false},"author":7,"featured_media":103339,"comment_status":"open","ping_status":"open","sticky":false,"template":"","format":"standard","meta":[],"categories":[63],"tags":[],"_links":{"self":[{"href":"http:\/\/noticiastelered.com\/PortalDNoticias\/wp-json\/wp\/v2\/posts\/103335"}],"collection":[{"href":"http:\/\/noticiastelered.com\/PortalDNoticias\/wp-json\/wp\/v2\/posts"}],"about":[{"href":"http:\/\/noticiastelered.com\/PortalDNoticias\/wp-json\/wp\/v2\/types\/post"}],"author":[{"embeddable":true,"href":"http:\/\/noticiastelered.com\/PortalDNoticias\/wp-json\/wp\/v2\/users\/7"}],"replies":[{"embeddable":true,"href":"http:\/\/noticiastelered.com\/PortalDNoticias\/wp-json\/wp\/v2\/comments?post=103335"}],"version-history":[{"count":1,"href":"http:\/\/noticiastelered.com\/PortalDNoticias\/wp-json\/wp\/v2\/posts\/103335\/revisions"}],"predecessor-version":[{"id":103340,"href":"http:\/\/noticiastelered.com\/PortalDNoticias\/wp-json\/wp\/v2\/posts\/103335\/revisions\/103340"}],"wp:featuredmedia":[{"embeddable":true,"href":"http:\/\/noticiastelered.com\/PortalDNoticias\/wp-json\/wp\/v2\/media\/103339"}],"wp:attachment":[{"href":"http:\/\/noticiastelered.com\/PortalDNoticias\/wp-json\/wp\/v2\/media?parent=103335"}],"wp:term":[{"taxonomy":"category","embeddable":true,"href":"http:\/\/noticiastelered.com\/PortalDNoticias\/wp-json\/wp\/v2\/categories?post=103335"},{"taxonomy":"post_tag","embeddable":true,"href":"http:\/\/noticiastelered.com\/PortalDNoticias\/wp-json\/wp\/v2\/tags?post=103335"}],"curies":[{"name":"wp","href":"https:\/\/api.w.org\/{rel}","templated":true}]}}