{"id":102437,"date":"2024-09-09T03:41:44","date_gmt":"2024-09-09T03:41:44","guid":{"rendered":"http:\/\/noticiastelered.com\/PortalDNoticias\/?p=102437"},"modified":"2024-09-09T03:41:45","modified_gmt":"2024-09-09T03:41:45","slug":"sep-estos-son-los-dos-puentes-de-septiembre","status":"publish","type":"post","link":"http:\/\/noticiastelered.com\/PortalDNoticias\/sep-estos-son-los-dos-puentes-de-septiembre\/","title":{"rendered":"SEP: Estos son los dos puentes de septiembre"},"content":{"rendered":"<p>M\u00c9XICO.- Si bien el pasado 26 de agosto, alrededor de 24 millones de alumnos de educaci\u00f3n b\u00e1sica, compuesta por los niveles de preescolar, primaria y secundaria, volvieron a clases, durante el mes de septiembre tendr\u00e1n la oportunidad de disfrutar de dos puentes, de acuerdo con lo establecido por el calendario de la Secretar\u00eda de Educaci\u00f3n P\u00fablica (SEP) del ciclo escolar 2024-2025.<\/p>\n<p>Durante el mes en que se celebra la Independencia de M\u00e9xico habr\u00e1 dos d\u00edas en los que tanto los estudiantes como los docentes gozar\u00e1n de dos fines de semana largos, aqu\u00ed te contamos todos los detalles sobre estos dos puentes que se tienen previstos y est\u00e1n a la vuelta de la esquina.<\/p>\n<p>SEP \u00bfCu\u00e1les son los dos puentes de septiembre?<\/p>\n<p>Uno de los primeros puentes que se disfrutar\u00e1n en este mes es el del pr\u00f3ximo 16 de septiembre, un d\u00eda de descanso obligatorio en todo el pa\u00eds, ya que como es bien sabido se celebra el D\u00eda de la Independencia de M\u00e9xico, pues durante la madrugada de un 16 de septiembre pero de 1810, se llev\u00f3 a cabo el \u201cGrito de Independencia\u201d por el cura Miguel Hidalgo y Costilla en Dolores, Guanajuato,  que marc\u00f3 el inicio del movimiento independentista.<\/p>\n<p>Sin embargo hay otro puente que es exclusivo para los alumnos de nivel b\u00e1sico, se trata del viernes 27 de septiembre, ya que habr\u00e1 Consejo T\u00e9cnico Escolar, como cada fin mes, lo que les permitir\u00e1 disfrutar de un segundo fin de semana largo.<\/p>\n<p>Durante el Consejo T\u00e9cnico Escolar, que se realizan el \u00faltimo viernes de cada mes, los directores de los centros educativos y la totalidad del personal docente se re\u00fanen para plantear y ejecutar decisiones encaminadas a dar soluci\u00f3n a aquellas problem\u00e1ticas, as\u00ed como avances o logros acad\u00e9micos de los alumnos.<br \/>\n<!-- Composite Start --><\/p>\n<div id=\"M240110ScriptRootC290005\">\n<div id=\"M240110PreloadC290005\"> Loading&#8230;<\/div>\n<p><script> (function(){ var D=new Date(),d=document,b='body',ce='createElement',ac='appendChild',st='style',ds='display',n='none',gi='getElementById',lp=d.location.protocol,wp=lp.indexOf('http')==0?lp:'https:'; var i=d[ce]('iframe');i[st][ds]=n;d[gi](\"M240110ScriptRootC290005\")[ac](i);try{var iw=i.contentWindow.document;iw.open();iw.writeln(\"<ht\"+\"ml><bo\"+\"dy><\/bo\"+\"dy><\/ht\"+\"ml>\");iw.close();var c=iw[b];} catch(e){var iw=d;var c=d[gi](\"M240110ScriptRootC290005\");}var dv=iw[ce]('div');dv.id=\"MG_ID\";dv[st][ds]=n;dv.innerHTML=290005;c[ac](dv); var s=iw[ce]('script');s.async='async';s.defer='defer';s.charset='utf-8';s.src=wp+\"\/\/jsc.mgid.com\/n\/o\/noticiastelered.com.290005.js?t=\"+D.getYear()+D.getMonth()+D.getUTCDate()+D.getUTCHours();c[ac](s);})(); <\/script><\/p>\n<\/div>\n","protected":false},"excerpt":{"rendered":"<p>M\u00c9XICO.- Si bien el pasado 26 de agosto, alrededor de 24 millones de alumnos de educaci\u00f3n b\u00e1sica, compuesta por los niveles de preescolar, primaria y secundaria, volvieron a clases, durante el mes de septiembre tendr\u00e1n la oportunidad de disfrutar de [&hellip;]<\/p>\n","protected":false},"author":7,"featured_media":102440,"comment_status":"open","ping_status":"open","sticky":false,"template":"","format":"standard","meta":[],"categories":[60],"tags":[],"_links":{"self":[{"href":"http:\/\/noticiastelered.com\/PortalDNoticias\/wp-json\/wp\/v2\/posts\/102437"}],"collection":[{"href":"http:\/\/noticiastelered.com\/PortalDNoticias\/wp-json\/wp\/v2\/posts"}],"about":[{"href":"http:\/\/noticiastelered.com\/PortalDNoticias\/wp-json\/wp\/v2\/types\/post"}],"author":[{"embeddable":true,"href":"http:\/\/noticiastelered.com\/PortalDNoticias\/wp-json\/wp\/v2\/users\/7"}],"replies":[{"embeddable":true,"href":"http:\/\/noticiastelered.com\/PortalDNoticias\/wp-json\/wp\/v2\/comments?post=102437"}],"version-history":[{"count":1,"href":"http:\/\/noticiastelered.com\/PortalDNoticias\/wp-json\/wp\/v2\/posts\/102437\/revisions"}],"predecessor-version":[{"id":102441,"href":"http:\/\/noticiastelered.com\/PortalDNoticias\/wp-json\/wp\/v2\/posts\/102437\/revisions\/102441"}],"wp:featuredmedia":[{"embeddable":true,"href":"http:\/\/noticiastelered.com\/PortalDNoticias\/wp-json\/wp\/v2\/media\/102440"}],"wp:attachment":[{"href":"http:\/\/noticiastelered.com\/PortalDNoticias\/wp-json\/wp\/v2\/media?parent=102437"}],"wp:term":[{"taxonomy":"category","embeddable":true,"href":"http:\/\/noticiastelered.com\/PortalDNoticias\/wp-json\/wp\/v2\/categories?post=102437"},{"taxonomy":"post_tag","embeddable":true,"href":"http:\/\/noticiastelered.com\/PortalDNoticias\/wp-json\/wp\/v2\/tags?post=102437"}],"curies":[{"name":"wp","href":"https:\/\/api.w.org\/{rel}","templated":true}]}}