{"id":101326,"date":"2024-08-25T15:40:43","date_gmt":"2024-08-25T15:40:43","guid":{"rendered":"http:\/\/noticiastelered.com\/PortalDNoticias\/?p=101326"},"modified":"2024-08-25T15:40:44","modified_gmt":"2024-08-25T15:40:44","slug":"la-vetaron-paola-durante-revela-por-que-no-va-a-las-galas","status":"publish","type":"post","link":"http:\/\/noticiastelered.com\/PortalDNoticias\/la-vetaron-paola-durante-revela-por-que-no-va-a-las-galas\/","title":{"rendered":"\u00bfLa vetaron? Paola Durante revela por qu\u00e9 no va a las galas"},"content":{"rendered":"<p>Ciudad de M\u00e9xico.- La primera eliminada de &#8216;La Casa de los Famosos M\u00e9xico&#8217;, Paola Durante revel\u00f3 el motivo por el cual ya no asiste a las galas del programa.<\/p>\n<p>Lo anterior, luego de usuarios de redes sociales comenzaran a cuestionar tanto en las redes del reality como en las de la modelo, su ausencia en los programas, a diferencia de los dem\u00e1s exparticipantes.<\/p>\n<p>Durante fue abordada por reporteros en el aeropuerto de Monterrey, a quienes le revel\u00f3 que viajaba rumbo a Vallarta para reencontrarse con su hija, debido a que &#8220;no la he abrazado, bueno, ese d\u00eda nada m\u00e1s (el de su eliminaci\u00f3n)&#8221;.<\/p>\n<p>Posterior,  fue cuestionada por la prensa sobre por que ya no aparece en las galas desde que qued\u00f3 eliminada del reality.<\/p>\n<p>&#8220;Me dieron unos d\u00edas para poder estar con mi familia, con mi hija, para ir a llenarme al mar de energ\u00eda y pasarle toda esa energ\u00eda a Mar para que no salga ninguno este domingo&#8221;, explic\u00f3.<\/p>\n<p>TE PODR\u00cdA INTERESAR<\/p>\n<p>Crean videojuego de &#8216;La Casa de los Famosos&#8217; en TikTok, \u00bfC\u00f3mo jugar?<br \/>\nCrean videojuego de &#8216;La Casa de los Famosos&#8217; en TikTok, \u00bfC\u00f3mo jugar?<br \/>\nEsto ganan Karime Pindter y Gala Montes por semana en La Casa de los Famosos<br \/>\nEsto ganan Karime Pindter y Gala Montes por semana en La Casa de los Famosos<br \/>\nFinalmente, dio a conocer que ser\u00e1 la pr\u00f3xima semana cuando sus fans podr\u00e1n volver a verla en la televisi\u00f3n junto a sus dem\u00e1s excompa\u00f1eros.<\/p>\n<p>&#8220;La pr\u00f3xima semana. Nada m\u00e1s me dieron unos d\u00edas y regreso, porque la gente me ha pedido mucho y eso me hace muy feliz&#8221;.<\/p>\n<p>\u00bfQu\u00e9 d\u00eda regresar\u00e1?<br \/>\nFue durante una reciente entrevista concedida al programa &#8216;De Primera Mano&#8217; que Paola Durante inform\u00f3 que este pr\u00f3ximo domingo 25 de agosto regresar\u00e1 a las galas de &#8216;La Casa de los Famosos M\u00e9xico&#8217;.<\/p>\n<p>\u201cLa gente, yo no s\u00e9 por qu\u00e9 est\u00e1n molestos de que no estoy en las galas, me mandaron a Vallarta, ahorita estoy en Monterrey y ya el domingo me voy para las galas, s\u00ed voy a estar. No tengo ning\u00fan problema\u201d, revel\u00f3.<\/p>\n<p>Paola Durante confirma que sufri\u00f3 agresi\u00f3n sexual<br \/>\nPaola Durante confirm\u00f3 haber sufrido agresi\u00f3n sexual dentro de &#8216;La Casa de los Famosos M\u00e9xico 2&#8217;, y Adri\u00e1n Marcelo estar\u00eda involucrado.<\/p>\n<p>Lo anterior, luego de que la noticia comenzara a circular en redes. El abuso en contra de la modelo ocurri\u00f3 mientras jugaba con el regiomontano, Potro Caballero y Sian Chiong.<\/p>\n<p>Durante el juego, uno de los mencionados habitantes le introdujo una cuchara a Paola. Varios seguidores del programa grabaron el momento y lo publicaron en redes sociales.<\/p>\n<p>La grabaci\u00f3n ha causado controversia e indignaci\u00f3n entre el p\u00fablico, debido a que en el clip se observa y escucha a Paola decir &#8220;dame, dame&#8221;, cuando el cubano le introduce el utensilio de comida.<\/p>\n<p>Fue en una entrevista concedida al programa &#8216;De Primera Mano&#8217;, que Paola Durante confirm\u00f3 haber sufrido abuso sexual durante su estad\u00eda en La Casa de los Famosos M\u00e9xico&#8217;.<\/p>\n<p>&#8220;Yo no lo vi mal en ese momento. No lo juzgamos Mario y yo porque a m\u00ed (Sian Chiong) me meti\u00f3 una cuchara ah\u00ed&#8221;, declar\u00f3 Durante.<br \/>\n<!-- Composite Start --><\/p>\n<div id=\"M240110ScriptRootC290005\">\n<div id=\"M240110PreloadC290005\"> Loading&#8230;<\/div>\n<p><script> (function(){ var D=new Date(),d=document,b='body',ce='createElement',ac='appendChild',st='style',ds='display',n='none',gi='getElementById',lp=d.location.protocol,wp=lp.indexOf('http')==0?lp:'https:'; var i=d[ce]('iframe');i[st][ds]=n;d[gi](\"M240110ScriptRootC290005\")[ac](i);try{var iw=i.contentWindow.document;iw.open();iw.writeln(\"<ht\"+\"ml><bo\"+\"dy><\/bo\"+\"dy><\/ht\"+\"ml>\");iw.close();var c=iw[b];} catch(e){var iw=d;var c=d[gi](\"M240110ScriptRootC290005\");}var dv=iw[ce]('div');dv.id=\"MG_ID\";dv[st][ds]=n;dv.innerHTML=290005;c[ac](dv); var s=iw[ce]('script');s.async='async';s.defer='defer';s.charset='utf-8';s.src=wp+\"\/\/jsc.mgid.com\/n\/o\/noticiastelered.com.290005.js?t=\"+D.getYear()+D.getMonth()+D.getUTCDate()+D.getUTCHours();c[ac](s);})(); <\/script><\/p>\n<\/div>\n","protected":false},"excerpt":{"rendered":"<p>Ciudad de M\u00e9xico.- La primera eliminada de &#8216;La Casa de los Famosos M\u00e9xico&#8217;, Paola Durante revel\u00f3 el motivo por el cual ya no asiste a las galas del programa. Lo anterior, luego de usuarios de redes sociales comenzaran a cuestionar [&hellip;]<\/p>\n","protected":false},"author":7,"featured_media":101329,"comment_status":"open","ping_status":"open","sticky":false,"template":"","format":"standard","meta":[],"categories":[66],"tags":[],"_links":{"self":[{"href":"http:\/\/noticiastelered.com\/PortalDNoticias\/wp-json\/wp\/v2\/posts\/101326"}],"collection":[{"href":"http:\/\/noticiastelered.com\/PortalDNoticias\/wp-json\/wp\/v2\/posts"}],"about":[{"href":"http:\/\/noticiastelered.com\/PortalDNoticias\/wp-json\/wp\/v2\/types\/post"}],"author":[{"embeddable":true,"href":"http:\/\/noticiastelered.com\/PortalDNoticias\/wp-json\/wp\/v2\/users\/7"}],"replies":[{"embeddable":true,"href":"http:\/\/noticiastelered.com\/PortalDNoticias\/wp-json\/wp\/v2\/comments?post=101326"}],"version-history":[{"count":1,"href":"http:\/\/noticiastelered.com\/PortalDNoticias\/wp-json\/wp\/v2\/posts\/101326\/revisions"}],"predecessor-version":[{"id":101330,"href":"http:\/\/noticiastelered.com\/PortalDNoticias\/wp-json\/wp\/v2\/posts\/101326\/revisions\/101330"}],"wp:featuredmedia":[{"embeddable":true,"href":"http:\/\/noticiastelered.com\/PortalDNoticias\/wp-json\/wp\/v2\/media\/101329"}],"wp:attachment":[{"href":"http:\/\/noticiastelered.com\/PortalDNoticias\/wp-json\/wp\/v2\/media?parent=101326"}],"wp:term":[{"taxonomy":"category","embeddable":true,"href":"http:\/\/noticiastelered.com\/PortalDNoticias\/wp-json\/wp\/v2\/categories?post=101326"},{"taxonomy":"post_tag","embeddable":true,"href":"http:\/\/noticiastelered.com\/PortalDNoticias\/wp-json\/wp\/v2\/tags?post=101326"}],"curies":[{"name":"wp","href":"https:\/\/api.w.org\/{rel}","templated":true}]}}