{"id":101311,"date":"2024-08-25T15:27:32","date_gmt":"2024-08-25T15:27:32","guid":{"rendered":"http:\/\/noticiastelered.com\/PortalDNoticias\/?p=101311"},"modified":"2024-08-25T15:27:33","modified_gmt":"2024-08-25T15:27:33","slug":"julio-cesar-chavez-desafia-a-mayweather-le-hubiera-dado-una-paliza","status":"publish","type":"post","link":"http:\/\/noticiastelered.com\/PortalDNoticias\/julio-cesar-chavez-desafia-a-mayweather-le-hubiera-dado-una-paliza\/","title":{"rendered":"Julio C\u00e9sar Ch\u00e1vez desaf\u00eda a Mayweather: &#8220;Le hubiera dado una paliza&#8221;"},"content":{"rendered":"<p>Ciudad de M\u00e9xico.- Julio C\u00e9sar Ch\u00e1vez, el mejor pugilista mexicano de todos los tiempos, afirm\u00f3 este s\u00e1bado que en el mejor momento de su carrera le hubiera propinado una paliza a Floyd Mayweather, excampe\u00f3n del mundo en cinco divisiones diferentes.<\/p>\n<p>&#8220;\u00c9l puede decir lo que quiera, pero arriba del ring, en mi mejor momento, con todo respeto, le hubiera dado una paliza. Ya tengo 62 a\u00f1os, si tuviera 20 a\u00f1os menos, todav\u00eda tendr\u00eda una oportunidad\u201d, explic\u00f3 a horas de la pelea de exhibici\u00f3n que Mayweather tendr\u00e1 frente a John Gotti III.<\/p>\n<p>Mayweather, de 47 a\u00f1os, dijo a periodistas que vencer\u00eda en la misma noche y sin manos, tanto a Ch\u00e1vez como a su hijo, el boxeador en activo Julio C\u00e9sar Ch\u00e1vez Jr.<\/p>\n<p>Tras eso, en el pesaje con Gotti, que marcar\u00e1 su primer combate en M\u00e9xico, \u2018Money\u2019 Mayweather recul\u00f3 y mostr\u00f3 respeto por Ch\u00e1vez, al que agradeci\u00f3 por abrirle la puerta a boxeadores como \u00e9l.<\/p>\n<p>Sin embargo, Mayweather no descart\u00f3 retar al primer mexicano campe\u00f3n en tres pesos diferentes del pugilismo, quien d\u00edas antes public\u00f3 en su cuenta de Instagram un cartel de una supuesta pelea entre \u00e9l y Mayweather en septiembre pr\u00f3ximo, que el \u2018Pretty Boy\u2019 neg\u00f3 que est\u00e9 pactada.<\/p>\n<p>&#8220;Ahorita solamente enfrentar\u00eda a Mayweather con una careta, porque tengo un problema en la nariz, y solo en tres rounds\u201d, a\u00f1adi\u00f3 Ch\u00e1vez, quien en los \u00faltimos a\u00f1os ha participado en peleas de exhibici\u00f3n.<br \/>\nLa leyenda mexicana se encuentra en la Arena Ciudad de M\u00e9xico, en donde Mayweather dar\u00e1 una revancha a Gotti III, al que se enfrent\u00f3 por primera vez en junio pasado. El combate a ocho asaltos termin\u00f3 en el sexto luego de que los insultos entre ambos contrincantes deriv\u00f3 en batalla campal.<\/p>\n<p>Ch\u00e1vez es parte del equipo de comentaristas de una estaci\u00f3n de televisi\u00f3n que retransmitir\u00e1 el enfrentamiento entre Mayweather y Gotti III.<br \/>\n<!-- Composite Start --><\/p>\n<div id=\"M240110ScriptRootC290005\">\n<div id=\"M240110PreloadC290005\"> Loading&#8230;<\/div>\n<p><script> (function(){ var D=new Date(),d=document,b='body',ce='createElement',ac='appendChild',st='style',ds='display',n='none',gi='getElementById',lp=d.location.protocol,wp=lp.indexOf('http')==0?lp:'https:'; var i=d[ce]('iframe');i[st][ds]=n;d[gi](\"M240110ScriptRootC290005\")[ac](i);try{var iw=i.contentWindow.document;iw.open();iw.writeln(\"<ht\"+\"ml><bo\"+\"dy><\/bo\"+\"dy><\/ht\"+\"ml>\");iw.close();var c=iw[b];} catch(e){var iw=d;var c=d[gi](\"M240110ScriptRootC290005\");}var dv=iw[ce]('div');dv.id=\"MG_ID\";dv[st][ds]=n;dv.innerHTML=290005;c[ac](dv); var s=iw[ce]('script');s.async='async';s.defer='defer';s.charset='utf-8';s.src=wp+\"\/\/jsc.mgid.com\/n\/o\/noticiastelered.com.290005.js?t=\"+D.getYear()+D.getMonth()+D.getUTCDate()+D.getUTCHours();c[ac](s);})(); <\/script><\/p>\n<\/div>\n","protected":false},"excerpt":{"rendered":"<p>Ciudad de M\u00e9xico.- Julio C\u00e9sar Ch\u00e1vez, el mejor pugilista mexicano de todos los tiempos, afirm\u00f3 este s\u00e1bado que en el mejor momento de su carrera le hubiera propinado una paliza a Floyd Mayweather, excampe\u00f3n del mundo en cinco divisiones diferentes. [&hellip;]<\/p>\n","protected":false},"author":7,"featured_media":101314,"comment_status":"open","ping_status":"open","sticky":false,"template":"","format":"standard","meta":[],"categories":[6],"tags":[],"_links":{"self":[{"href":"http:\/\/noticiastelered.com\/PortalDNoticias\/wp-json\/wp\/v2\/posts\/101311"}],"collection":[{"href":"http:\/\/noticiastelered.com\/PortalDNoticias\/wp-json\/wp\/v2\/posts"}],"about":[{"href":"http:\/\/noticiastelered.com\/PortalDNoticias\/wp-json\/wp\/v2\/types\/post"}],"author":[{"embeddable":true,"href":"http:\/\/noticiastelered.com\/PortalDNoticias\/wp-json\/wp\/v2\/users\/7"}],"replies":[{"embeddable":true,"href":"http:\/\/noticiastelered.com\/PortalDNoticias\/wp-json\/wp\/v2\/comments?post=101311"}],"version-history":[{"count":1,"href":"http:\/\/noticiastelered.com\/PortalDNoticias\/wp-json\/wp\/v2\/posts\/101311\/revisions"}],"predecessor-version":[{"id":101315,"href":"http:\/\/noticiastelered.com\/PortalDNoticias\/wp-json\/wp\/v2\/posts\/101311\/revisions\/101315"}],"wp:featuredmedia":[{"embeddable":true,"href":"http:\/\/noticiastelered.com\/PortalDNoticias\/wp-json\/wp\/v2\/media\/101314"}],"wp:attachment":[{"href":"http:\/\/noticiastelered.com\/PortalDNoticias\/wp-json\/wp\/v2\/media?parent=101311"}],"wp:term":[{"taxonomy":"category","embeddable":true,"href":"http:\/\/noticiastelered.com\/PortalDNoticias\/wp-json\/wp\/v2\/categories?post=101311"},{"taxonomy":"post_tag","embeddable":true,"href":"http:\/\/noticiastelered.com\/PortalDNoticias\/wp-json\/wp\/v2\/tags?post=101311"}],"curies":[{"name":"wp","href":"https:\/\/api.w.org\/{rel}","templated":true}]}}