{"id":101127,"date":"2024-08-22T21:46:03","date_gmt":"2024-08-22T21:46:03","guid":{"rendered":"http:\/\/noticiastelered.com\/PortalDNoticias\/?p=101127"},"modified":"2024-08-22T21:46:04","modified_gmt":"2024-08-22T21:46:04","slug":"viralizan-video-de-fer-duran-con-el-labio-roto-usuarios-aseguran-que-fue-lapizito","status":"publish","type":"post","link":"http:\/\/noticiastelered.com\/PortalDNoticias\/viralizan-video-de-fer-duran-con-el-labio-roto-usuarios-aseguran-que-fue-lapizito\/","title":{"rendered":"Viralizan video de Fer Dur\u00e1n con el labio roto; usuarios aseguran que fue Lapizito"},"content":{"rendered":"\n<p><strong>Ciudad de M\u00e9xico.-<\/strong>&nbsp;Usuarios de redes han vuelto a visualizar un video en el que Fernanda Dur\u00e1n, la exnovia del hermano de Gomita, aparece con el labio roto y moretones.<\/p>\n\n\n\n<p>Cientos de internautas creen que podr\u00eda tratarse una de las veces que Lapizito agredi\u00f3 f\u00edsicamente a la joven influencer, quien relat\u00f3 recientemente en el podcast de &#8216;Un tal Fredo&#8217;, el infierno y los episodios de violencia que sufri\u00f3 durante su relaci\u00f3n con el expayaso.<\/p>\n\n\n\n<p>Varios internautas que vieron la reciente entrevista del wedding&nbsp;planner,&nbsp;comenzaron a comentar en el tiktok que ahora entend\u00edan por qu\u00e9 Dur\u00e1n sol\u00eda aparecer en tiktoks con los labios lastimados.https:\/\/d-22955875192404182683.ampproject.net\/2406131415000\/frame.html<\/p>\n\n\n\n<p>&#8220;Yo viendo el podcast y veo su labio y el moret\u00f3n en su mano&#8221;, &#8220;ahora entiendo su mirada triste en esas fechas y por qu\u00e9&nbsp;tra\u00eda&nbsp;sus labios as\u00ed&#8221;, fueron algunos de los comentarios.<\/p>\n\n\n\n<h3 class=\"wp-block-heading\"><strong>Fernanda Dur\u00e1n relata los episodios de violencia que sufri\u00f3&nbsp;<\/strong><\/h3>\n\n\n\n<p>La exnovia del Lapizito relat\u00f3 los episodios de violencia que sufri\u00f3, de acuerdo con lo relatado por Fernanda Dur\u00e1n, en una ocasi\u00f3n Freddy&nbsp;la mordi\u00f3, tras enojarse&nbsp;con ella por cuestionarle por qu\u00e9 siempre le mencionaba a su expareja.<\/p>\n\n\n\n<p>\u201cUn d\u00eda le pregunt\u00e9 por qu\u00e9 mencionaba a mi ex y \u00e9l se enoj\u00f3, me jal\u00f3 y me mordi\u00f3\u201d.<\/p>\n\n\n\n<p>La hermana de la tiktoker Carol Castro, revel\u00f3 que&nbsp;se cubr\u00eda con maquillaje los moretones y las heridas&nbsp;que le dejaba el exintegrante de &#8216;Ac\u00e1batelo&#8217;, para que sus pap\u00e1s no se dieran cuenta de que era violentada.<\/p>\n\n\n\n<blockquote class=\"wp-block-quote\">\n<p>&#8220;Me mord\u00eda los labios muy fuerte, de verdad mi se me llegaron a reventar todas las veces que \u00e9l me mord\u00eda. Me met\u00eda al ba\u00f1o y me acuerdo de que me arrastraba y yo me pon\u00eda en el piso sura y yo gritaba &#8216;no amor, por favor, no&#8217;, yo le rogaba a Dios que no me fuera a dar un mal golpe&#8221;.<\/p>\n<\/blockquote>\n\n\n\n<figure class=\"wp-block-image\"><img decoding=\"async\" src=\"https:\/\/i.ytimg.com\/vi\/cuV6Su_tUDs\/sddefault.jpg#404_is_fine\" alt=\"Loading video\"\/><\/figure>\n\n\n\n<figure class=\"wp-block-embed is-type-rich is-provider-gestor-del-servicio wp-block-embed-gestor-del-servicio\"><div class=\"wp-block-embed__wrapper\">\nhttps:\/\/youtube.com\/watch?v=cuV6Su_tUDs%3Fenablejsapi%3D1%26amp%3D1%26playsinline%3D1\n<\/div><\/figure>\n\n\n\n<h3 class=\"wp-block-heading\"><strong>&#8216;El d\u00eda que m\u00e1s me humill\u00e9&#8217;: Fernanda Dur\u00e1n&nbsp;<\/strong><\/h3>\n\n\n\n<p>Dur\u00e1n coment\u00f3 que en una ocasi\u00f3n&nbsp;le pidi\u00f3 perd\u00f3n de rodillas mientras la agred\u00eda, Freddy le dijo que le gustaba golpearla porque era la \u00fanica forma en la que le ped\u00eda perd\u00f3n.<\/p>\n\n\n\n<blockquote class=\"wp-block-quote\">\n<p>&#8220;Ese fue el d\u00eda que m\u00e1s me he humillado en toda mi vida, yo le dije &#8216;por qu\u00e9 me tratas as\u00ed, qu\u00e9 sientes cuando me ve tirada en el piso llorando&#8217;, y yo le pregunt\u00e9 &#8216;\u00bfhas tratado as\u00ed tus exnovias o yo soy la \u00fanica?, y me dijo &#8216;no, t\u00fa eres la \u00fanica'&#8221;.<\/p>\n<\/blockquote>\n\n\n\n<blockquote class=\"wp-block-quote\">\n<p>&#8220;Me puse de rodillas y yo le dec\u00eda &#8216;por favor mi amor, te amo, por favor, ya perd\u00f3name&#8217;, y nada m\u00e1s me ve\u00eda y me dec\u00eda &#8216;as\u00ed me gusta tenerte, porque as\u00ed es la \u00fanica manera en la que me puedes dcir que me amas y me pides perd\u00f3n&#8221;.<\/p>\n<\/blockquote>\n","protected":false},"excerpt":{"rendered":"<p>Ciudad de M\u00e9xico.-&nbsp;Usuarios de redes han vuelto a visualizar un video en el que Fernanda Dur\u00e1n, la exnovia del hermano de Gomita, aparece con el labio roto y moretones. Cientos de internautas creen que podr\u00eda tratarse una de las veces [&hellip;]<\/p>\n","protected":false},"author":7,"featured_media":101131,"comment_status":"open","ping_status":"open","sticky":false,"template":"","format":"standard","meta":[],"categories":[66],"tags":[],"_links":{"self":[{"href":"http:\/\/noticiastelered.com\/PortalDNoticias\/wp-json\/wp\/v2\/posts\/101127"}],"collection":[{"href":"http:\/\/noticiastelered.com\/PortalDNoticias\/wp-json\/wp\/v2\/posts"}],"about":[{"href":"http:\/\/noticiastelered.com\/PortalDNoticias\/wp-json\/wp\/v2\/types\/post"}],"author":[{"embeddable":true,"href":"http:\/\/noticiastelered.com\/PortalDNoticias\/wp-json\/wp\/v2\/users\/7"}],"replies":[{"embeddable":true,"href":"http:\/\/noticiastelered.com\/PortalDNoticias\/wp-json\/wp\/v2\/comments?post=101127"}],"version-history":[{"count":1,"href":"http:\/\/noticiastelered.com\/PortalDNoticias\/wp-json\/wp\/v2\/posts\/101127\/revisions"}],"predecessor-version":[{"id":101132,"href":"http:\/\/noticiastelered.com\/PortalDNoticias\/wp-json\/wp\/v2\/posts\/101127\/revisions\/101132"}],"wp:featuredmedia":[{"embeddable":true,"href":"http:\/\/noticiastelered.com\/PortalDNoticias\/wp-json\/wp\/v2\/media\/101131"}],"wp:attachment":[{"href":"http:\/\/noticiastelered.com\/PortalDNoticias\/wp-json\/wp\/v2\/media?parent=101127"}],"wp:term":[{"taxonomy":"category","embeddable":true,"href":"http:\/\/noticiastelered.com\/PortalDNoticias\/wp-json\/wp\/v2\/categories?post=101127"},{"taxonomy":"post_tag","embeddable":true,"href":"http:\/\/noticiastelered.com\/PortalDNoticias\/wp-json\/wp\/v2\/tags?post=101127"}],"curies":[{"name":"wp","href":"https:\/\/api.w.org\/{rel}","templated":true}]}}