{"id":101105,"date":"2024-08-22T19:40:14","date_gmt":"2024-08-22T19:40:14","guid":{"rendered":"http:\/\/noticiastelered.com\/PortalDNoticias\/?p=101105"},"modified":"2024-08-22T19:40:15","modified_gmt":"2024-08-22T19:40:15","slug":"fallece-armando-hernandez-gallardo-estudiante-herido-a-balazos-por-militares-en-nuevo-laredo","status":"publish","type":"post","link":"http:\/\/noticiastelered.com\/PortalDNoticias\/fallece-armando-hernandez-gallardo-estudiante-herido-a-balazos-por-militares-en-nuevo-laredo\/","title":{"rendered":"FALLECE ARMANDO HERNANDEZ GALLARDO, ESTUDIANTE HERIDO A BALAZOS POR MILITARES EN NUEVO LAREDO"},"content":{"rendered":"\n<p>\u2022 Gobernador de Tamaulipas nego ayuda a sus familiares<\/p>\n\n\n\n<p>\u2022 Secretaria de la Defensa Nacional opta por el silencio ante los hechos<\/p>\n\n\n\n<p>Nuevo Laredo, Tamaulipas, a 22 de Agosto del 2024.- Armando Hern\u00e1ndez Gallardo, el menor herido por militares falleci\u00f3 la tarde del mi\u00e9rcoles como consecuencia de las heridas de bala que recibi\u00f3 en su abdomen. El fallecimiento del estudiante de bachillerato ocurri\u00f3 alrededor de las 18:10 horas mientras se encontraba internado en la Unidad de Cuidados Intensivos del Hospital San Gerardo, en Nuevo Laredo, Tamaulipas.<\/p>\n\n\n\n<p>Los m\u00e9dicos que le atendieron dijeron al Comit\u00e9 de Derechos Humanos que la lesi\u00f3n que presentaba el menor le ocasionaron danos graves a sus \u00f3rganos vitales y un shock s\u00e9ptico del cual no se pudo recuperar, despu\u00e9s de 72 horas de estar luchando por su vida.<\/p>\n\n\n\n<p>Por estos hechos, la Fiscal\u00eda General de Justicia de Tamaulipas inicio la Carpeta de Investigaci\u00f3n 366\/2024 en contra de quien resulte responsable por los hechos ocurridos la tarde del s\u00e1bado 17 de agosto sobre Carretera An\u00e1huac y H\u00e9roe de Nacataz, frente a un servicar, al poniente de la ciudad.<\/p>\n\n\n\n<p>Este jueves Alma Karina Gallardo, madre de la victima, presentara una formal querella en contra de personal del Ejercito Mexicano por el Homicidio de su hijo Armando y sus abogados aportaran evidencias de la participaci\u00f3n de personal militar en la agresi\u00f3n del menor. Armando Hern\u00e1ndez Gallardo tenia 16 anos y era originario de Ciudad Victoria, Tamaulipas, estudiaba el bachillerato y durante el periodo de vacaciones busco sub emplearse como limpiador de predios para seguir pagando sus estudios.<\/p>\n\n\n\n<p>A pesar del llamado publico que hicieron sus familiares al gobernador de Tamaulipas, Doctor Am\u00e9rico Villareal Anaya y al presidente de M\u00e9xico, Andr\u00e9s Manuel L\u00f3pez Obrador para obtener ayuda econ\u00f3mica que les permitiera solventar los gastos de hospitalizaci\u00f3n, ninguno de los dos gobernantes respondi\u00f3 a esta petici\u00f3n, demostrando as\u00ed su absoluta protecci\u00f3n a los abusos cometidos por las fuerzas armadas en contra de la poblaci\u00f3n civil.<\/p>\n","protected":false},"excerpt":{"rendered":"<p>\u2022 Gobernador de Tamaulipas nego ayuda a sus familiares \u2022 Secretaria de la Defensa Nacional opta por el silencio ante los hechos Nuevo Laredo, Tamaulipas, a 22 de Agosto del 2024.- Armando Hern\u00e1ndez Gallardo, el menor herido por militares falleci\u00f3 [&hellip;]<\/p>\n","protected":false},"author":7,"featured_media":101109,"comment_status":"open","ping_status":"open","sticky":false,"template":"","format":"standard","meta":[],"categories":[63,77],"tags":[],"_links":{"self":[{"href":"http:\/\/noticiastelered.com\/PortalDNoticias\/wp-json\/wp\/v2\/posts\/101105"}],"collection":[{"href":"http:\/\/noticiastelered.com\/PortalDNoticias\/wp-json\/wp\/v2\/posts"}],"about":[{"href":"http:\/\/noticiastelered.com\/PortalDNoticias\/wp-json\/wp\/v2\/types\/post"}],"author":[{"embeddable":true,"href":"http:\/\/noticiastelered.com\/PortalDNoticias\/wp-json\/wp\/v2\/users\/7"}],"replies":[{"embeddable":true,"href":"http:\/\/noticiastelered.com\/PortalDNoticias\/wp-json\/wp\/v2\/comments?post=101105"}],"version-history":[{"count":1,"href":"http:\/\/noticiastelered.com\/PortalDNoticias\/wp-json\/wp\/v2\/posts\/101105\/revisions"}],"predecessor-version":[{"id":101110,"href":"http:\/\/noticiastelered.com\/PortalDNoticias\/wp-json\/wp\/v2\/posts\/101105\/revisions\/101110"}],"wp:featuredmedia":[{"embeddable":true,"href":"http:\/\/noticiastelered.com\/PortalDNoticias\/wp-json\/wp\/v2\/media\/101109"}],"wp:attachment":[{"href":"http:\/\/noticiastelered.com\/PortalDNoticias\/wp-json\/wp\/v2\/media?parent=101105"}],"wp:term":[{"taxonomy":"category","embeddable":true,"href":"http:\/\/noticiastelered.com\/PortalDNoticias\/wp-json\/wp\/v2\/categories?post=101105"},{"taxonomy":"post_tag","embeddable":true,"href":"http:\/\/noticiastelered.com\/PortalDNoticias\/wp-json\/wp\/v2\/tags?post=101105"}],"curies":[{"name":"wp","href":"https:\/\/api.w.org\/{rel}","templated":true}]}}