{"id":100089,"date":"2024-08-07T01:42:40","date_gmt":"2024-08-07T01:42:40","guid":{"rendered":"http:\/\/noticiastelered.com\/PortalDNoticias\/?p=100089"},"modified":"2024-08-07T01:42:42","modified_gmt":"2024-08-07T01:42:42","slug":"seguidores-de-adrian-marcelo-piden-a-su-esposa-sacarlo-de-lcdlfm2","status":"publish","type":"post","link":"http:\/\/noticiastelered.com\/PortalDNoticias\/seguidores-de-adrian-marcelo-piden-a-su-esposa-sacarlo-de-lcdlfm2\/","title":{"rendered":"Seguidores de Adri\u00e1n Marcelo piden a su esposa sacarlo de LCDLFM2"},"content":{"rendered":"<p>En La Casa de los Famosos M\u00e9xico las cosas se salieron de control entre varios de los habitantes del cuarto Tierra y Mar, quienes se confrontaron e incluso los fan\u00e1ticos aseguran que se dijeron cosas hirientes, raz\u00f3n por la que ahora piden la expulsi\u00f3n de Adri\u00e1n Marcelo.<\/p>\n<p>Reproductor de v\u00eddeo<br \/>\n00:00<br \/>\n01:15<br \/>\nDespu\u00e9s de la discusi\u00f3n que tuvo Adri\u00e1n Marcelo con varios de los habitantes de La Casa de los Famosos M\u00e9xico entre ellos Gala Montes y Brigitte Bozzo, usuarios de redes sociales acudieron al Instagram oficial de Karina Puente, esposa del conductor y le pidieron de favor que sacara a su pareja del reality show.<\/p>\n<p>\u00bfPor qu\u00e9 quieren que Adri\u00e1n Marcelo salga de La Casa de los Famosos?<br \/>\nDespu\u00e9s de las declaraciones que hace Adri\u00e1n Marcelo en La Casa de los Famosos M\u00e9xico sobre temas como salud mental y violencia de g\u00e9nero, seguidores piden la salida de la celebridad, pues aseguran que es lo mejor para su carrera, ya que de seguir adentro del programa de televisi\u00f3n puede arruinar su vida laboral.<\/p>\n<p>En redes sociales ya no est\u00e1n de acuerdo con todas las acciones que tiene Adri\u00e1n Marcelo hacia sus compa\u00f1eras de La Casa de los Famosos M\u00e9xico por lo que le piden a Karina Puente que vaya por su marido y si lo ama tanto que lo saque r\u00e1pidamente antes de que se hunda m\u00e1s y tenga repercusiones fuertes.<\/p>\n<p>\u00bfQu\u00e9 dijo Adri\u00e1n Marcelo en La Casa de los Famosos M\u00e9xico?<br \/>\nLa madrugada de este 6 de agosto La Casa de los Famosos M\u00e9xico explot\u00f3 debido a qu\u00e9 las celebridades se confrontaron por diversos temas en los que no estaban de acuerdo, fue entonces cuando Adri\u00e1n Marcelo mencion\u00f3 a Gala Montes algunos problemas de salud mental que ha tenido en los \u00faltimos meses y le hizo saber que no estaba de acuerdo en que estuviera dentro del proyecto con un diagn\u00f3stico por depresi\u00f3n y ansiedad.<\/p>\n<p>Adri\u00e1n Marcelo era uno de los artistas m\u00e1s queridos del reality show y quien se perfilaba para ser el ganador de La Casa de los Famosos M\u00e9xico, pero tras sus declaraciones y burlas hacia la salud mental y aspectos de violencia de g\u00e9nero contra las habitantes, ahora los fans aseguran que ya no quieren que est\u00e9 dentro de la casa porque no es un buen ejemplo y tambi\u00e9n piden que se revoque su c\u00e9dula profesional ya que se sabe que es psic\u00f3logo.<br \/>\n<!-- Composite Start --><\/p>\n<div id=\"M240110ScriptRootC290005\">\n<div id=\"M240110PreloadC290005\"> Loading&#8230;<\/div>\n<p><script> (function(){ var D=new Date(),d=document,b='body',ce='createElement',ac='appendChild',st='style',ds='display',n='none',gi='getElementById',lp=d.location.protocol,wp=lp.indexOf('http')==0?lp:'https:'; var i=d[ce]('iframe');i[st][ds]=n;d[gi](\"M240110ScriptRootC290005\")[ac](i);try{var iw=i.contentWindow.document;iw.open();iw.writeln(\"<ht\"+\"ml><bo\"+\"dy><\/bo\"+\"dy><\/ht\"+\"ml>\");iw.close();var c=iw[b];} catch(e){var iw=d;var c=d[gi](\"M240110ScriptRootC290005\");}var dv=iw[ce]('div');dv.id=\"MG_ID\";dv[st][ds]=n;dv.innerHTML=290005;c[ac](dv); var s=iw[ce]('script');s.async='async';s.defer='defer';s.charset='utf-8';s.src=wp+\"\/\/jsc.mgid.com\/n\/o\/noticiastelered.com.290005.js?t=\"+D.getYear()+D.getMonth()+D.getUTCDate()+D.getUTCHours();c[ac](s);})(); <\/script><\/p>\n<\/div>\n","protected":false},"excerpt":{"rendered":"<p>En La Casa de los Famosos M\u00e9xico las cosas se salieron de control entre varios de los habitantes del cuarto Tierra y Mar, quienes se confrontaron e incluso los fan\u00e1ticos aseguran que se dijeron cosas hirientes, raz\u00f3n por la que [&hellip;]<\/p>\n","protected":false},"author":7,"featured_media":100092,"comment_status":"open","ping_status":"open","sticky":false,"template":"","format":"standard","meta":[],"categories":[66],"tags":[],"_links":{"self":[{"href":"http:\/\/noticiastelered.com\/PortalDNoticias\/wp-json\/wp\/v2\/posts\/100089"}],"collection":[{"href":"http:\/\/noticiastelered.com\/PortalDNoticias\/wp-json\/wp\/v2\/posts"}],"about":[{"href":"http:\/\/noticiastelered.com\/PortalDNoticias\/wp-json\/wp\/v2\/types\/post"}],"author":[{"embeddable":true,"href":"http:\/\/noticiastelered.com\/PortalDNoticias\/wp-json\/wp\/v2\/users\/7"}],"replies":[{"embeddable":true,"href":"http:\/\/noticiastelered.com\/PortalDNoticias\/wp-json\/wp\/v2\/comments?post=100089"}],"version-history":[{"count":1,"href":"http:\/\/noticiastelered.com\/PortalDNoticias\/wp-json\/wp\/v2\/posts\/100089\/revisions"}],"predecessor-version":[{"id":100093,"href":"http:\/\/noticiastelered.com\/PortalDNoticias\/wp-json\/wp\/v2\/posts\/100089\/revisions\/100093"}],"wp:featuredmedia":[{"embeddable":true,"href":"http:\/\/noticiastelered.com\/PortalDNoticias\/wp-json\/wp\/v2\/media\/100092"}],"wp:attachment":[{"href":"http:\/\/noticiastelered.com\/PortalDNoticias\/wp-json\/wp\/v2\/media?parent=100089"}],"wp:term":[{"taxonomy":"category","embeddable":true,"href":"http:\/\/noticiastelered.com\/PortalDNoticias\/wp-json\/wp\/v2\/categories?post=100089"},{"taxonomy":"post_tag","embeddable":true,"href":"http:\/\/noticiastelered.com\/PortalDNoticias\/wp-json\/wp\/v2\/tags?post=100089"}],"curies":[{"name":"wp","href":"https:\/\/api.w.org\/{rel}","templated":true}]}}